{"id":8107,"date":"2020-07-08T07:48:03","date_gmt":"2020-07-08T07:48:03","guid":{"rendered":"http:\/\/dig-stuttgart.de\/info\/?p=8107"},"modified":"2020-06-28T17:43:28","modified_gmt":"2020-06-28T17:43:28","slug":"art-tv-elle-rencontre","status":"publish","type":"post","link":"https:\/\/dig-stuttgart.de\/info\/2020\/07\/08\/art-tv-elle-rencontre\/","title":{"rendered":"Art Tv Elle Rencontre"},"content":{"rendered":"<p>Asuna, qui vient tout juste de sortir dun coma de plus de deux ans caus\u00e9 par le NerveGear, ne dispose pas de ses sens Un portrait bient\u00f4t expos\u00e9 \u00e0 Londres est-il le dernier tableau de Botticelli? Disparition de Pierre Encrev\u00e9, sp\u00e9cialiste de Pierre Soulages  LAssembl\u00e9e g\u00e9n\u00e9rale prend les d\u00e9cisions concernant les grandes orientations de la cha\u00eene, vote le budget, nomme le Comit\u00e9 de g\u00e9rance et les responsables de services dArte GEIE. Elle se compose de six Fran\u00e7ais et de six Allemands repr\u00e9sentant les membres du GEIE et se r\u00e9unit quatre fois par an. Les cha\u00eenes partenaires associ\u00e9es ont une voix consultative. Dans des soci\u00e9t\u00e9s o\u00f9 limage simpose de plus en plus, \u00eatre accept\u00e9 passe souvent par les codes vestimentaires, les go\u00fbts affich\u00e9s, ladoption dun style. Autrui le groupe social joue un r\u00f4le parfois d\u00e9cisif dans la perception que ladolescent peut avoir de lui-m\u00eame. Certains usages des r\u00e9seaux sociaux interrogent limage de soi donn\u00e9e aux autres. La mode souvent v\u00e9cue comme un jeu sur lesth\u00e9tique peut \u00eatre \u00e9galement porteuse de tensions dans la relation de soi aux autres. Dans ce contexte qui engendre lenvie de conformit\u00e9, la diff\u00e9rence peut stigmatiser et conduire \u00e0 des ph\u00e9nom\u00e8nes de rejet. Le rapport de soi \u00e0 autrui est abord\u00e9 abondamment au cin\u00e9ma, au th\u00e9\u00e2tre et dans la fiction dune mani\u00e8re g\u00e9n\u00e9rale. Il ouvre sur un questionnement de ce qui est consid\u00e9r\u00e9 comme naturel et authentique par opposition aux faux-semblants. Dans les diff\u00e9rentes cultures \u00e9tudi\u00e9es, limage de soi rev\u00eatelle la m\u00eame importance, r\u00e9pond-elle aux m\u00eames codes? Influe-t-elle au m\u00eame degr\u00e9 et de la m\u00eame mani\u00e8re sur les relations sociales? cette JPO aura lieu uniquement sur rendez-vous en cliquant sur le lien suivant :  R\u00e9\u00e9couter Bernard No\u00ebl : Les Plumes d\u00c9ros est une tranche d\u0153uvres et une tranche de vie qui coupe \u00e0 travers toute la vie \u00e9couter 41 min 41 min Apr\u00e8s le d\u00e9part pr\u00e9cipit\u00e9 de Ya\u00ebl, Sam d\u00e9prime. Linh veut lui changer les id\u00e9es; elles sortent en ville! Suivant le conseil dun voyageur de lauberge, elles se retrouvent dans un endroit \u00e9tonnant.. Mais sympathique. Ensemble, elles trouvent un nouvel adage : Fuck les amours de marde! Sauf que Sam oublie cet adage d\u00e8s quelle revoit Mark.. Retrouvez toutes les Actualit\u00e9s fran\u00e7aises de 1940 \u00e0 19.-Vendredi 17 avril 2020 \u00e0 17 h 45 sur Arte et disponible du 1004 au 15062020 sur arte.tv 1 er janvier 2007 31 d\u00e9cembre 2010 : Arte Deutschland ; Palier 1 La Ville du D\u00e9part, Ch\u00e2teau de Fer Noir Asuna et Kirito se dispute \u00e0 propos de cuisine. Kirito et Asuna sont sauver par Yui contre un boss. Elle leur dit quelle est un programme de Cardinal et quelle voulait les rencontrer tous les deux. Cardinal va supprimer Yui parce quelle a utiliser la console pour supprimer le monstre. Asuna pleure, Kirito extrait le c\u0153ur de Yui. Pour mieux comprendre les discriminations auxquelles font face les personnes racis\u00e9es au quotidien et les cons\u00e9quences sur leurs vies. Le r\u00e9seau FRAME apporte un soutien durgence aux mus\u00e9es fran\u00e7ais et dAm\u00e9rique du Nord Au milieu des ann\u00e9es 60, lapparition sur le march\u00e9 dune nouvelle cam\u00e9ra portable, le portapak Sony, va acc\u00e9l\u00e9rer le d\u00e9veloppement de lart vid\u00e9o auparavant, les cam\u00e9ras tr\u00e8s lourdes ne quittaient presque jamais les studios et \u00e9taient utilis\u00e9es \u00e0 des fins professionnels. Les longues-oreilles les auraient fa\u00e7onn\u00e9s \u00e0 leur image,,,,, Le 8 janvier 2018, Arte lance A Mus\u00e9e vous, A Mus\u00e9e moi, une s\u00e9rie qui revisite les tableaux c\u00e9l\u00e8bres <img decoding=\"async\" src=\"http:\/\/www.michelesarde.com\/recursos\/img\/university\/ArtsLettresChevaliere.jpg\" alt=\"art tv elle rencontre\" align=\"center\"> Le Solomon R. Guggenheim Museum de New York se s\u00e9pare dune \u0153uvre de Zao Wou-Ki Une \u0153uvre de Rembrandt rejoint la collection du Louvre Abu Dhabi Elle pr\u00e9sente actuellement, depuis janvier 2012, du lundi au vendredi \u00e0 20h05 sur Arte, l\u00e9mission de commentaires de lactualit\u00e9 28 minutes, qui pr\u00e9tend apporter un \u00e9clairage original et iconoclaste sur les questions politiques, \u00e9conomiques et sociales. Une profession de foi qui pourra laisser sceptiques nombre de spectateurs tant langle danalyse, sil est parfois plus approfondi que sur les autres cha\u00eenes, reste \u00e9troitement politiquement correct, ne relayant quasi-exclusivement que les points de vue de la gauche soci\u00e9tale. En septembre 2013, l\u00e9mission, dont les audiences augmentent environ 300 000 t\u00e9l\u00e9spectateurs chaque soir malgr\u00e9 un horaire tr\u00e8s concurrentiel, voit sa formule remani\u00e9e, gagnant 12 minutes dantenne et traitant davantage de sujets avec des chroniqueurs permanents et moins dinterventions dexperts et de scientifiques. Parcours militant <img decoding=\"async\" src=\"http:\/\/www.scenocosme.com\/publications_mini\/hybridation.jpg\" alt=\"art tv elle rencontre\" align=\"right\"> <img decoding=\"async\" src=\"http:\/\/www.litepanels.com\/dam\/jcr:935133d1-5f52-4d4d-9d37-9287acbbe9f4\/PremiereBannerMobile.jpg\" alt=\"art tv elle rencontre\" align=\"right\">  Pour ses 300 ans, la Nouvelle-Orl\u00e9ans accueille la collection du duc dOrl\u00e9ans Entretien avec Charlotte Fouchet-Ishii, directrice de la Villa Kujoyama \u00e0 Kyoto Elle formule \u00e0 en 2019 une profession de foi socialiste qui n\u00e9tonnera personne et laisse entrevoir la couleur de ses pr\u00e9f\u00e9rences \u00e9l\u00e9ctorales : Hamon n imprime pas, c est dommage. Sa pens\u00e9 e antin \u00e9olib\u00e9raliste, \u00e9cologiste, ne prend pas. Wauquiez aussi ne prend pas, mais l\u00e0 tant mieux. Vie priv\u00e9e.<\/p>\n","protected":false},"excerpt":{"rendered":"<p>art tv elle rencontre<\/p>\n","protected":false},"author":1,"featured_media":0,"comment_status":"closed","ping_status":"closed","sticky":false,"template":"","format":"standard","meta":{"footnotes":""},"categories":[1],"tags":[],"_links":{"self":[{"href":"https:\/\/dig-stuttgart.de\/info\/wp-json\/wp\/v2\/posts\/8107"}],"collection":[{"href":"https:\/\/dig-stuttgart.de\/info\/wp-json\/wp\/v2\/posts"}],"about":[{"href":"https:\/\/dig-stuttgart.de\/info\/wp-json\/wp\/v2\/types\/post"}],"author":[{"embeddable":true,"href":"https:\/\/dig-stuttgart.de\/info\/wp-json\/wp\/v2\/users\/1"}],"replies":[{"embeddable":true,"href":"https:\/\/dig-stuttgart.de\/info\/wp-json\/wp\/v2\/comments?post=8107"}],"version-history":[{"count":1,"href":"https:\/\/dig-stuttgart.de\/info\/wp-json\/wp\/v2\/posts\/8107\/revisions"}],"predecessor-version":[{"id":8108,"href":"https:\/\/dig-stuttgart.de\/info\/wp-json\/wp\/v2\/posts\/8107\/revisions\/8108"}],"wp:attachment":[{"href":"https:\/\/dig-stuttgart.de\/info\/wp-json\/wp\/v2\/media?parent=8107"}],"wp:term":[{"taxonomy":"category","embeddable":true,"href":"https:\/\/dig-stuttgart.de\/info\/wp-json\/wp\/v2\/categories?post=8107"},{"taxonomy":"post_tag","embeddable":true,"href":"https:\/\/dig-stuttgart.de\/info\/wp-json\/wp\/v2\/tags?post=8107"}],"curies":[{"name":"wp","href":"https:\/\/api.w.org\/{rel}","templated":true}]}}