{"id":8111,"date":"2020-07-08T23:17:09","date_gmt":"2020-07-08T23:17:09","guid":{"rendered":"http:\/\/dig-stuttgart.de\/info\/?p=8111"},"modified":"2020-06-28T17:44:59","modified_gmt":"2020-06-28T17:44:59","slug":"point-de-rencontre-gare-saint-lazare","status":"publish","type":"post","link":"https:\/\/dig-stuttgart.de\/info\/2020\/07\/08\/point-de-rencontre-gare-saint-lazare\/","title":{"rendered":"Point De Rencontre Gare Saint Lazare"},"content":{"rendered":"<p>Points de rencontre \u00e0 Versailles, Le Chesnay ou Rocquencourt moins une lettre et un chiffre. Le mot de passe est requis. De Nanterre-Pr\u00e9fecture en direction de Cergy \u00e0 21h44 \u00e0 21h40 les samedis, dimanches et jours f\u00e9ri\u00e9s Vous cherchez une location de bus, minibus ou voiture avec chauffeur?  Les instructions de r\u00e9initialisation du mot de passe seront envoy\u00e9es \u00e0 votre adresse de courriel enregistr\u00e9e. <img decoding=\"async\" src=\"http:\/\/www.isg-alumni.com\/images\/upload\/p1010485_400_01.jpg\" alt=\"point de rencontre gare saint lazare\" align=\"right\"> Jusquau 15 septembre 2019 : 200 HT 240 TTC par personne Ce lundi 1er juin 2020, le Centre Italie 2 sera ouvert de 10h \u00e0 20h-Transporteurs v\u00e9rifi\u00e9s : nous contr\u00f4lons les licences de transport et les assurances de nos transporteurs partenaires. Pas de faux VTC sur Groupito. <img decoding=\"async\" src=\"http:\/\/m2-design.org\/img\/fc512a094863cce60c3d72173e561bc5.jpg\" alt=\"point de rencontre gare saint lazare\" align=\"left\">  Nous regrettons lincident technique rencontr\u00e9 au niveau de la douche ainsi que pour le t\u00e9l\u00e9phone, le n\u00e9cessaire a \u00e9t\u00e9 fait. \u0412\u0430\u0448\u0435 \u0434\u0435\u0439\u0441\u0442\u0432\u0438\u0435 \u0432\u044b\u0437\u0432\u0430\u043b\u043e \u043d\u0430\u0440\u0443\u0448\u0435\u043d\u0438\u0435 \u0437\u0430\u0449\u0438\u0442\u044b \u0438 \u0431\u043b\u043e\u043a\u0438\u0440\u043e\u0432\u043a\u0443 \u0432\u0430\u0448\u0435\u0433\u043e \u0434\u043e\u0441\u0442\u0443\u043f\u0430 \u043a \u044d\u0442\u043e\u0439 \u0441\u0442\u0440\u0430\u043d\u0438\u0446\u0435. \u0412\u043e\u0437\u043c\u043e\u0436\u043d\u043e, \u0432\u044b \u043f\u0435\u0440\u0435\u0434\u0430\u043b\u0438 \u043a\u043e\u043c\u0430\u043d\u0434\u0443 SQL, \u043e\u043f\u0440\u0435\u0434\u0435\u043b\u0435\u043d\u043d\u043e\u0435 \u0441\u043b\u043e\u0432\u043e \u0438\u043b\u0438 \u0444\u0440\u0430\u0437\u0443 \u0438\u043b\u0438 \u043d\u0435\u0434\u043e\u043f\u0443\u0441\u0442\u0438\u043c\u044b\u0435 \u0434\u0430\u043d\u043d\u044b\u0435. \u0415\u0441\u043b\u0438 \u044d\u0442\u043e \u0431\u0443\u0434\u0435\u0442 \u043f\u043e\u0432\u0442\u043e\u0440\u044f\u0442\u044c\u0441\u044f, \u0441\u043e\u0445\u0440\u0430\u043d\u0438\u0442\u0435 \u043f\u0440\u043e\u0431\u043b\u0435\u043c\u043d\u0443\u044e \u0441\u0442\u0440\u0430\u043d\u0438\u0446\u0443 \u0432 \u0444\u0430\u0439\u043b\u0435 \u0430\u0440\u0445\u0438\u0432\u0430 HTTP \u0438 \u043e\u0442\u043f\u0440\u0430\u0432\u044c\u0442\u0435 \u0435\u0435 \u043d\u0430\u043c. Une vue des voies en 1984, avec deux turbotrains en UM et des automotrices \u00e9lectriques. <img decoding=\"async\" src=\"http:\/\/img.20mn.fr\/1kzmHJ6ARtCC8-QtWVZxAQ\/2048x1536-fit_15-novembre-2016-parvis-gare-saint-lazare-paris-militante-sophia-bahri-distribue-tracts-faveur-candidat-primaire-droite-jean-francois-cope.jpg\" alt=\"point de rencontre gare saint lazare\" align=\"left\"> l AG interpro de Saint-Lazare vote \u00e0 lunanimit\u00e9 la participation \u00e0 la manif de demain. Elle se prononce contre toute n\u00e9gociation avec le gouvernement. Nouvelle AG mercredi prochain. Assembl\u00e9e \u00e9ducation \u00e0 Massy, 14 chemin des Femmes Ce prix est donn\u00e9 \u00e0 titre indicatif. Seul le prix confirm\u00e9 lors de la commande est garanti. Le trajet est donn\u00e9 \u00e0 titre dillustration uniquement. Vous nous faites penser \u00e0 la recrudescence des vols de sacs \u00e0 main dans les cin\u00e9mas On navait pas su quils avaient diminu\u00e9 \u00e0 ce point Il faut dire quon nous cache toujours tout. Enfin bon. Heureusement, gr\u00e2ce aux 40 films dAli Baba sur les voleurs de Mediapart, le brouillard va se lever sur la nuit, et la lumi\u00e8re jaillir sur la terreur polici\u00e8re actuellement en recrue dessence. Suivez le guide, qui vous donnera toutes ses bonnes adresses sans h\u00e9siter! Aubergenville-Elisabethville, \u00c9p\u00f4ne M\u00e9zi\u00e8res, Gagny, Haussmann Saint-Lazare, Houilles Carri\u00e8res-sur-Seine, La D\u00e9fense, Les Clairi\u00e8res de Verneuil, Les Mureaux, Mantes Station, Mantes-la-Jolie, Nanterre, Poissy, Porte Maillot, Rosa Parks, Vernouillet Verneuil, Villennes-sur-Seine, Bezons, Courbevoie, Gargenville, Issou, Neuilly-sur-Seine, Paris La gare Saint-Lazare est lune des six grandes gares terminus du r\u00e9seau de la 2 Je r\u00e9serve mon trajet et je paie ma r\u00e9servation via mon compte Pour une location de van 5 ou 8 places, location de minibus 9, 10, 12, 15 ou 20 places \u00e0 Gare Saint-Lazare ou une location dautocar de 30, 50 ou 60 places, sur Groupito vous trouverez un transport adapt\u00e9 \u00e0 votre besoin et budget. Ce souci daudibilit\u00e9 des annonces sest rencontr\u00e9 plusieurs fois dont \u00e0 Cergy-Pr\u00e9fecture \u00e0 cause de hauts-parleurs cass\u00e9s puis r\u00e9par\u00e9s, mais lorsquon nentend pas depuis le train les annonces pass\u00e9es en gare,cest un probl\u00e8me non sp\u00e9cifique aux gares du RER A mais rencontr\u00e9s aussi sur la A.  2014-2020 Privateaser SA Tous droits r\u00e9serv\u00e9s En revanche je suis navr\u00e9e que des bruits aient troubl\u00e9s votre sommeil.<\/p>\n","protected":false},"excerpt":{"rendered":"<p>point de rencontre gare saint lazare<\/p>\n","protected":false},"author":1,"featured_media":0,"comment_status":"closed","ping_status":"closed","sticky":false,"template":"","format":"standard","meta":{"footnotes":""},"categories":[1],"tags":[],"_links":{"self":[{"href":"https:\/\/dig-stuttgart.de\/info\/wp-json\/wp\/v2\/posts\/8111"}],"collection":[{"href":"https:\/\/dig-stuttgart.de\/info\/wp-json\/wp\/v2\/posts"}],"about":[{"href":"https:\/\/dig-stuttgart.de\/info\/wp-json\/wp\/v2\/types\/post"}],"author":[{"embeddable":true,"href":"https:\/\/dig-stuttgart.de\/info\/wp-json\/wp\/v2\/users\/1"}],"replies":[{"embeddable":true,"href":"https:\/\/dig-stuttgart.de\/info\/wp-json\/wp\/v2\/comments?post=8111"}],"version-history":[{"count":1,"href":"https:\/\/dig-stuttgart.de\/info\/wp-json\/wp\/v2\/posts\/8111\/revisions"}],"predecessor-version":[{"id":8112,"href":"https:\/\/dig-stuttgart.de\/info\/wp-json\/wp\/v2\/posts\/8111\/revisions\/8112"}],"wp:attachment":[{"href":"https:\/\/dig-stuttgart.de\/info\/wp-json\/wp\/v2\/media?parent=8111"}],"wp:term":[{"taxonomy":"category","embeddable":true,"href":"https:\/\/dig-stuttgart.de\/info\/wp-json\/wp\/v2\/categories?post=8111"},{"taxonomy":"post_tag","embeddable":true,"href":"https:\/\/dig-stuttgart.de\/info\/wp-json\/wp\/v2\/tags?post=8111"}],"curies":[{"name":"wp","href":"https:\/\/api.w.org\/{rel}","templated":true}]}}