{"id":8113,"date":"2020-07-08T06:53:48","date_gmt":"2020-07-08T06:53:48","guid":{"rendered":"http:\/\/dig-stuttgart.de\/info\/?p=8113"},"modified":"2020-06-28T17:46:11","modified_gmt":"2020-06-28T17:46:11","slug":"rencontre-celibataire-protestant","status":"publish","type":"post","link":"https:\/\/dig-stuttgart.de\/info\/2020\/07\/08\/rencontre-celibataire-protestant\/","title":{"rendered":"Rencontre C\u00e9libataire Protestant"},"content":{"rendered":"<p>Je vivais avec une profonde haine envers mon p\u00e8re, javais un \u00e9norme manque de pardon envers lui, \u00e9galement envers ma meilleure amie et mon ex copine. Jen avais des pens\u00e9es suicidaires. Des visions noires me venaient quand j\u00e9tais seul. Dieu ma lib\u00e9r\u00e9 durant ce week-end. Les th\u00e8mes sur la solitude et le pardon mont r\u00e9ellement impact\u00e9. On a pu prier pour moi, \u00e7a fait tellement du bien de se sentir revivre en J\u00e9sus! A une une \u00e9paule sur laquelle me consoler et une oreille attentive, japporterais mon soutien, ma pr\u00e9sence. <img decoding=\"async\" src=\"http:\/\/www.museeprotestant.org\/wp-content\/uploads\/2013\/12\/0000001833L.jpg\" alt=\"rencontre c\u00e9libataire protestant\" align=\"right\"> Voil\u00e0 pourquoi vous serez toujours dans le tourment vous \u00eates sur un site chr\u00e9tien et vous venez faire des \u00e9loges de ton mettre sache que pour cel\u00e0 yeshua te punira si tu ne te repent pas de tout ton coeur.o\u00f9 est le respect et la crainte de Dieu.que Dieu dans sa mis\u00e9ricorde ai piti\u00e9 de nous  : \u00e9changes conviviaux ouverts \u00e0 ceux qui sinterrogent sur le sens de la vie, des relations et de la foi chr\u00e9tienne. <img decoding=\"async\" src=\"http:\/\/loiretcher-lemag.fr\/wp-content\/uploads\/2015\/11\/lci85_blandine_terrier1.jpg\" alt=\"rencontre c\u00e9libataire protestant\" align=\"right\"> De la toute premi\u00e8re marche des fiert\u00e9s \u00e0 nos jours, David Jonathan sengage aux c\u00f4t\u00e9s dautres associations LGBT! Mariage Pour Tous, lutte contre le SIDA, Marche des Fiert\u00e9s LGBT, lutte contre lhomophobie, lutte pour des Eglises plus inclusives Je suis un jeune homme africain battant et tr\u00e8s croyant \u00e2g\u00e9 de 32 ans,croyant en lamour cherche pour relation durable voir mariage une fille de nationalit\u00e9 europ\u00e9enne ou m\u00e9tisse catholique \u00e2g\u00e9 de 18 \u00e0 30 ans : les textes sont disponibles sous ; dautres conditions peuvent sappliquer. Voyez les pour plus de d\u00e9tails, ainsi que les. En cas de r\u00e9utilisation des textes de cette page, voyez.  Par Publi\u00e9 le 19 mai 2016 \u00e0 11h33-Mis \u00e0 jour le 06 juin 2016 \u00e0 15h35 49 ans de mariage d\u00e9j\u00e0! Nous vous sommes toujours reconnaissants de nous avoir fait nous rencontrer. Que beaucoup de couples chr\u00e9tiens puissent encore na\u00eetre \u00e0 votre contact! Ensuite, jai regard\u00e9 les personnes qui \u00e9taient inscrites sur le site, et ai envoy\u00e9 des messages personnalis\u00e9s en proposant de nous rencontrer rapidement, pr\u00e9f\u00e9rant la rencontre r\u00e9elle \u00e0 de multiples mails. Les rencontres  Pour \u00eatre clair, encore faut-il d\u00e9finir en premier ce quest un outil de rencontre assist\u00e9e. Je sais, dit comme cela, \u00e7a ne fait pas r\u00eaver mais cest pourtant la meilleure d\u00e9finition \u00e0 mon sens. Cela ne devrait pas surprendre car je ne connais pas de moyen de se rencontrer sans laide de lentourage ou hors dun environnement commun. Le coup de foudre entre des inconnus se croisant dans la rue ne remplit probablement pas les \u00e9glises Rencontrez un protestant et gratuitement, Site de rencontre pour protestants. Est le plus connu et sans doute le plus performant de tous gr\u00e2ce \u00e0 son exp\u00e9rience de onze ans dans laccompagnement et l\u00e9panouissement des inscrits. La base des profils filtre ceux qui ne se sont pas connect\u00e9s depuis six mois. Les offres dabonnements sont vari\u00e9es et sadaptent \u00e0 l\u00e9tat desprit des inscrits : Pour essayer, Le plus populaire et Prendre son temps. La diversit\u00e9 des activit\u00e9s propos\u00e9es et celle des ressources de lectures sont un v\u00e9ritable atout. Dans Le Suicide, Durkheim veut d\u00e9montrer que le suicide est un ph\u00e9nom\u00e8ne social. Cette \u00e9tude constitue la premi\u00e8re application de la m\u00e9thodologie d\u00e9finie dans Les R\u00e8gles de la m\u00e9thode sociologique. Les r\u00e9gularit\u00e9s sociales du taux de suicide Un dossier personnel permet \u00e0 chaque nouvel adh\u00e9rent dexprimer sa recherche tout en se faisant conna\u00eetre de mani\u00e8re pr\u00e9cise. La vision quont les religions mondiales sur le c\u00e9libat varie beaucoup, et d\u00e9pend souvent de plusieurs facteurs : la position sociale de lindividu, l\u00e9poque, l\u00e2ge, le fait davoir ou non des relations charnelles, etc. <img decoding=\"async\" src=\"http:\/\/www.annonciation.org\/IMG\/png\/camps_baladins.png\" alt=\"rencontre c\u00e9libataire protestant\" align=\"right\"> La r\u00e9daction devangeliques.info Christian Today-28 mai 2018 13:12 Notre mission consiste \u00e0 donner du sens \u00e0 vos rencontres en vous permettant de vous connecter \u00e0 des c\u00e9libataires qui partagent vos valeurs et qui souhaitent sengager dans une relation s\u00e9rieuse en vue du mariage.<\/p>\n","protected":false},"excerpt":{"rendered":"<p>rencontre c\u00e9libataire protestant<\/p>\n","protected":false},"author":1,"featured_media":0,"comment_status":"closed","ping_status":"closed","sticky":false,"template":"","format":"standard","meta":{"footnotes":""},"categories":[1],"tags":[],"_links":{"self":[{"href":"https:\/\/dig-stuttgart.de\/info\/wp-json\/wp\/v2\/posts\/8113"}],"collection":[{"href":"https:\/\/dig-stuttgart.de\/info\/wp-json\/wp\/v2\/posts"}],"about":[{"href":"https:\/\/dig-stuttgart.de\/info\/wp-json\/wp\/v2\/types\/post"}],"author":[{"embeddable":true,"href":"https:\/\/dig-stuttgart.de\/info\/wp-json\/wp\/v2\/users\/1"}],"replies":[{"embeddable":true,"href":"https:\/\/dig-stuttgart.de\/info\/wp-json\/wp\/v2\/comments?post=8113"}],"version-history":[{"count":1,"href":"https:\/\/dig-stuttgart.de\/info\/wp-json\/wp\/v2\/posts\/8113\/revisions"}],"predecessor-version":[{"id":8114,"href":"https:\/\/dig-stuttgart.de\/info\/wp-json\/wp\/v2\/posts\/8113\/revisions\/8114"}],"wp:attachment":[{"href":"https:\/\/dig-stuttgart.de\/info\/wp-json\/wp\/v2\/media?parent=8113"}],"wp:term":[{"taxonomy":"category","embeddable":true,"href":"https:\/\/dig-stuttgart.de\/info\/wp-json\/wp\/v2\/categories?post=8113"},{"taxonomy":"post_tag","embeddable":true,"href":"https:\/\/dig-stuttgart.de\/info\/wp-json\/wp\/v2\/tags?post=8113"}],"curies":[{"name":"wp","href":"https:\/\/api.w.org\/{rel}","templated":true}]}}