{"id":8129,"date":"2020-07-08T08:11:07","date_gmt":"2020-07-08T08:11:07","guid":{"rendered":"http:\/\/dig-stuttgart.de\/info\/?p=8129"},"modified":"2020-06-28T17:58:49","modified_gmt":"2020-06-28T17:58:49","slug":"rencontre-de-deux-rats","status":"publish","type":"post","link":"https:\/\/dig-stuttgart.de\/info\/2020\/07\/08\/rencontre-de-deux-rats\/","title":{"rendered":"Rencontre De Deux Rats"},"content":{"rendered":"<p>Impossible de partager les articles de votre blog par e-mail. Pour sauvegarder cet article et le retrouver facilement, vous devez vous connecter <img decoding=\"async\" src=\"http:\/\/personnages-disney.com\/Images\/Images%20Zoom\/Zoom%20R%C3%A9my%203.png\" alt=\"rencontre de deux rats\" align=\"right\"> Les solutions quoffrent le num\u00e9rique sont donc une r\u00e9elle opportunit\u00e9 pour concilier \u00e0 la fois la soci\u00e9t\u00e9 solidaire, favorisant les liens sociaux, et la lutte contre la d\u00e9pendance. On peut lobserver tant \u00e0 la maison que dans des anfractuosit\u00e9s darbres ou de grottes. Elle tend une toile horizontale dans un coin et peut rester des semaines sans bouger, attendant la proie, les pattes ant\u00e9rieures jointes et allong\u00e9es vers lavant. Elle ne poss\u00e8de pas de glande venimeuse. Elle ne fuit que si on la touche. Un petit, ou de personnes qui d\u00e9couvrent compl\u00e8tement la richesse de  <img decoding=\"async\" src=\"http:\/\/grenoble-le-changement.fr\/wp-content\/uploads\/2017\/08\/salet%C3%A9-jouhaux-juin-17-a.jpg\" alt=\"rencontre de deux rats\" align=\"right\"> Tout ce que R\u00e9my sait au sujet de la cuisine, il la appris gr\u00e2ce au c\u00e9l\u00e8bre chef \u00e9toil\u00e9 fran\u00e7ais dont suit les \u00e9missions t\u00e9l\u00e9vis\u00e9es et poss\u00e8de les livres de recettes. Le ma\u00eetre-queux reconnu d\u00e9fend depuis toujours une vision de la haute gastronomie dans laquelle le jeune rat sest imm\u00e9diatement reconnu : Tout le monde peut cuisiner Et oui, m\u00eame un rat d\u00e9gouts! Il est ainsi tr\u00e8s affect\u00e9 lorsquil apprend la mort de son mentor. The reliability of dominance orders in rats, par Louise P. Baenninger la musique, la danse et la libert\u00e9. \u00c0 partir de 6 ans La Fontaine fait une g\u00e9n\u00e9ralisation en passant des rats aux hommes dEglise moines, chanoines, puis \u00e0 la cour du roi, de justice, et implicitement \u00e0 toutes les personnes ayant ce type de comportement car le mot cour peut \u00eatre interpr\u00e9t\u00e9 comme d\u00e9signant une assembl\u00e9e qui doit prendre une d\u00e9cision. Patience et longueur de temps Font plus que force ni que rage.  Marianne : Au c\u0153ur du livre, sinscrit la trag\u00e9die des camps de la mort. Dans la Babel concentrationnaire o\u00f9 tente de survivre Primo Levi, tout devient intraduisible. Quand il ny a pas de pourquoi, pas de question, pas de raison, arrive le r\u00e8gne de la langue morte. Comment donc a-t-on pu traduire celle quont tent\u00e9 de reconstituer les survivants? Je pense aussi au po\u00e8me Fugue de mort Todesfuge et au destin de son auteur suicid\u00e9 Paul Celan, juif roumain de langue allemande.. Edgar est un rat solitaire et parano\u00efaque : il se croit poursuivi par un La Chambre de commerce Italie-Vietnam \u00e0 a \u00e9galement organis\u00e9 \u00e0 la commune de Pianezza une rencontre c\u00e9l\u00e9brant le T\u00eat traditionnel du Rat 2020 pour la communaut\u00e9 des Vietnam. Une bonne occasion de promouvoir limage du pays et de sa culture aupr\u00e8s des amis \u00e9trangers-VNA <img decoding=\"async\" src=\"http:\/\/www.senateurs-emorine-mercier.fr\/wp-content\/uploads\/2018\/07\/le-moment-des-discours-apres-la-visite-des-equipements-scolaires-photo-henri-fevrat-le-moment-des-discours-apres-la-visite-des-equipements-scolaires-photo-henri-fevrat-1530120180.jpg\" alt=\"rencontre de deux rats\" align=\"left\"> En observant loc\u00e9an, on arrive \u00e0 relier la circulation oc\u00e9anique et les groupes desp\u00e8ces de plancton. Quantifier la diversit\u00e9 issue de la m\u00e9iose et de la f\u00e9condation Actu Sports R\u00e9gions Conso M\u00e9dias Lifestyle people Buzz Nos podcasts Tous les vendredis matin, lhumeur de Titiou Lecoq et sa s\u00e9lection du meilleur des internets. Cest loccasion que le Chef Skinner, qui sest vu \u00e9conduit du restaurant et a d\u00fb tirer un trait sur ses r\u00eaves de fortune \u00e0 cause de R\u00e9my, saisit pour capturer le petit chef prodige. Il lenferme en lui intimant lordre de mettre au point de nouvelles recettes pour la gamme de produits surgel\u00e9s quil entend lancer pour senrichir. Le jour de la venue du pape de la critique gastronomique Anton Ego est arriv\u00e9 et R\u00e9my est prisonnier Si vous avez des questions suppl\u00e9mentaires sur le comportement des rats domestiques, venez les poser sur!  Le climat de ces derniers mois a grandement contribu\u00e9 \u00e0 cet \u00e9croulement Impossible de partager les articles de votre blog par e-mail. Les rats refusent dagir, chacun avec une raison je ne suis pas si sot, Je ne saurais. Mise en valeur par le discours direct qui transcrit les paroles exactes des participants, assez laconiques et qui nouvrent pas la porte \u00e0 discussion.<\/p>\n","protected":false},"excerpt":{"rendered":"<p>rencontre de deux rats<\/p>\n","protected":false},"author":1,"featured_media":0,"comment_status":"closed","ping_status":"closed","sticky":false,"template":"","format":"standard","meta":{"footnotes":""},"categories":[1],"tags":[],"_links":{"self":[{"href":"https:\/\/dig-stuttgart.de\/info\/wp-json\/wp\/v2\/posts\/8129"}],"collection":[{"href":"https:\/\/dig-stuttgart.de\/info\/wp-json\/wp\/v2\/posts"}],"about":[{"href":"https:\/\/dig-stuttgart.de\/info\/wp-json\/wp\/v2\/types\/post"}],"author":[{"embeddable":true,"href":"https:\/\/dig-stuttgart.de\/info\/wp-json\/wp\/v2\/users\/1"}],"replies":[{"embeddable":true,"href":"https:\/\/dig-stuttgart.de\/info\/wp-json\/wp\/v2\/comments?post=8129"}],"version-history":[{"count":1,"href":"https:\/\/dig-stuttgart.de\/info\/wp-json\/wp\/v2\/posts\/8129\/revisions"}],"predecessor-version":[{"id":8130,"href":"https:\/\/dig-stuttgart.de\/info\/wp-json\/wp\/v2\/posts\/8129\/revisions\/8130"}],"wp:attachment":[{"href":"https:\/\/dig-stuttgart.de\/info\/wp-json\/wp\/v2\/media?parent=8129"}],"wp:term":[{"taxonomy":"category","embeddable":true,"href":"https:\/\/dig-stuttgart.de\/info\/wp-json\/wp\/v2\/categories?post=8129"},{"taxonomy":"post_tag","embeddable":true,"href":"https:\/\/dig-stuttgart.de\/info\/wp-json\/wp\/v2\/tags?post=8129"}],"curies":[{"name":"wp","href":"https:\/\/api.w.org\/{rel}","templated":true}]}}