{"id":8133,"date":"2020-07-08T14:29:32","date_gmt":"2020-07-08T14:29:32","guid":{"rendered":"http:\/\/dig-stuttgart.de\/info\/?p=8133"},"modified":"2020-06-28T18:00:56","modified_gmt":"2020-06-28T18:00:56","slug":"rencontre-jeunes-manche","status":"publish","type":"post","link":"https:\/\/dig-stuttgart.de\/info\/2020\/07\/08\/rencontre-jeunes-manche\/","title":{"rendered":"Rencontre Jeunes Manche"},"content":{"rendered":"<p><img decoding=\"async\" src=\"http:\/\/www.europe-crean.eu\/wp-content\/uploads\/2017\/11\/1er-Parlement-Normand-Europ%C3%A9en-COUV-212x300.jpg\" alt=\"rencontre jeunes manche\" align=\"left\">  Houssem Aouar est un gar\u00e7on r\u00e9serv\u00e9, qui compte faire son trou sans faire de vagues. Mais pour la saison 2017-2018, il r\u00e9cup\u00e8re le num\u00e9ro 8 laiss\u00e9 libre suite au d\u00e9part de Corentin Tolisso. Et le num\u00e9ro 8 \u00e0 Lyon, ce nest pas nimporte quel num\u00e9ro. Cest celui de Juninho, l\u00e9gende vivante et capitaine des Gones qui a remport\u00e9 sept titres cons\u00e9cutifs avec lOL. Le gamin ne pourra pas se cacher. Il dispute 44 matchs toutes comp\u00e9titions confondues, inscrit sept buts et d\u00e9livre six passes d\u00e9cisives. Un total plus que respectable pour une premi\u00e8re saison compl\u00e8te. Visualiser rapidement les horaires et coordonn\u00e9es de votre Atelier Canop\u00e9 La Mer Britannique, vulgairement la Manche en 1623 ; Voir les sous-sections pr\u00e9cedentes Voir les sous-sections suivantes Annonce : Coucou jai 55 ans je mesure 1,69m et p\u00e8se 72kg jai les yeux tr\u00e8s bleus jaime \u00eatre coquin et beaucoup rire je  Pratiquer pour le loisir, en famille ou en comp\u00e9tition?  Tu aimes \u00eatre au contact des autres, les \u00e9couter et les conseiller. Tu es pers\u00e9v\u00e9rant.e. Dans ce que tu entreprends. Les questions \u00e9ducatives tint\u00e9ressent Curieuse.eux. Et dynamique avec une touche de cr\u00e9ativit\u00e9, tu souhaites \u00eatre sur le terrain afin dapprendre \u00e0 organiser des \u00e9v\u00e8nements \u00e0 destination des enfants, de leurs familles et \u00e0 d\u00e9velopper des partenariats culturels. Tu as envie de c\u00f4toyer une grande diversit\u00e9 de personnes jeunes, familles, associations, actrices.eurs. Socio-\u00e9ducatifs, etc. A la retraite depuis peu,je recherche en toute amitie,des personnes au gout commun pour randonner \u00e0 cheval,et aussi sorties cin\u00e9 et resto Bonjour, je suis une maman avec 2 enfants de 5 et 8 ans et je recherche des personnes avec enfants pour sortir ensemble, samuser ensemble, partager ensemble.. \u00c0 bient\u00f4t. Le CFAI du Calvados et de la Manche rencontre Gordon Newton Annonce : bonjour, recherche personne pour dialogu\u00e9 les hommes en couples ou mari\u00e9s sabstenir, ainsi que les sans photos ou pas de profils remplient, les incorect les pervers, je les met en liste noir, Merci CRICRI Laugmentation de lesp\u00c3rance de vie et les modifications sociales, g\u00c3n\u00c3rent beaucoup de solitude chez les seniors : s\u00c3paration, divorce,\u00e2\u00c2 Yellow un m\u00e9lange de Tinder et de, une application destin\u00e9e aux adolescents qui leur permet de faire des rencontres entre ados soi-disant. R\u00e9f\u00e9rente Violences IntraFamiliales et Parentalit\u00e9 P\u00f4le Famille Centre Social LAgora, Granville <img decoding=\"async\" src=\"http:\/\/www.apf50.fr\/wp-content\/uploads\/2017\/01\/ML210117-1.png\" alt=\"rencontre jeunes manche\" align=\"center\"> bonjour, je suis \u00e0 la recherche dune femme dau moins 65 ans, et partageant la m\u00eame passion que votre humble serviteur! Je ne souhaite pas de rapports classiques, juste vous donner du plaisir avec ma bouche et ma langue. Je pr\u00e9cise que je ne suis pas un dangereux pervers g\u00e9rontophile, mais.. Pour info Agn\u00e8s est \u00e9galement membre du Comit\u00e9 Directeur du Stade Niortais Athl\u00e9tisme. Dartagnans Pr\u00e9server le patrimoine gr\u00e2ce au crowdfunding Port\u00e9 par de nombreuses collectivit\u00e9s, lobjectif du salon est par ailleurs de f\u00e9d\u00e9rer lensemble des professionnels du patrimoine de la Manche. De nombreux acteurs agissent en effet dans le d\u00e9partement afin de faire conna\u00eetre, entretenir, conserver et valoriser le patrimoine manchois. Ce secteur constitue un enjeu social, culturel et touristique de premier plan g\u00e9n\u00e9rant directement et indirectement des emplois. De m\u00eame, Les Rencontres du patrimoine de la Manche concourent \u00e0 \u00e9tablir des liens entre les nombreux acteurs, publics et priv\u00e9s, qui agissent en sa faveur : artisans, entreprises du patrimoine mais \u00e9galement associations d\u00e9di\u00e9es \u00e0 sa sauvegarde. Sur place, les visiteurs pourront donc \u00e9changer et d\u00e9couvrir les actions men\u00e9es par ces derniers. Quels exposants? <img decoding=\"async\" src=\"http:\/\/tinderrencontre.net\/wp-content\/uploads\/2017\/02\/application-tinder-rencontre-1-1024x576.jpg\" alt=\"rencontre jeunes manche\" align=\"left\">.<\/p>\n","protected":false},"excerpt":{"rendered":"<p>rencontre jeunes manche<\/p>\n","protected":false},"author":1,"featured_media":0,"comment_status":"closed","ping_status":"closed","sticky":false,"template":"","format":"standard","meta":{"footnotes":""},"categories":[1],"tags":[],"_links":{"self":[{"href":"https:\/\/dig-stuttgart.de\/info\/wp-json\/wp\/v2\/posts\/8133"}],"collection":[{"href":"https:\/\/dig-stuttgart.de\/info\/wp-json\/wp\/v2\/posts"}],"about":[{"href":"https:\/\/dig-stuttgart.de\/info\/wp-json\/wp\/v2\/types\/post"}],"author":[{"embeddable":true,"href":"https:\/\/dig-stuttgart.de\/info\/wp-json\/wp\/v2\/users\/1"}],"replies":[{"embeddable":true,"href":"https:\/\/dig-stuttgart.de\/info\/wp-json\/wp\/v2\/comments?post=8133"}],"version-history":[{"count":1,"href":"https:\/\/dig-stuttgart.de\/info\/wp-json\/wp\/v2\/posts\/8133\/revisions"}],"predecessor-version":[{"id":8134,"href":"https:\/\/dig-stuttgart.de\/info\/wp-json\/wp\/v2\/posts\/8133\/revisions\/8134"}],"wp:attachment":[{"href":"https:\/\/dig-stuttgart.de\/info\/wp-json\/wp\/v2\/media?parent=8133"}],"wp:term":[{"taxonomy":"category","embeddable":true,"href":"https:\/\/dig-stuttgart.de\/info\/wp-json\/wp\/v2\/categories?post=8133"},{"taxonomy":"post_tag","embeddable":true,"href":"https:\/\/dig-stuttgart.de\/info\/wp-json\/wp\/v2\/tags?post=8133"}],"curies":[{"name":"wp","href":"https:\/\/api.w.org\/{rel}","templated":true}]}}