{"id":8135,"date":"2020-07-08T03:57:00","date_gmt":"2020-07-08T03:57:00","guid":{"rendered":"http:\/\/dig-stuttgart.de\/info\/?p=8135"},"modified":"2020-06-28T18:03:36","modified_gmt":"2020-06-28T18:03:36","slug":"chat-frejus","status":"publish","type":"post","link":"https:\/\/dig-stuttgart.de\/info\/2020\/07\/08\/chat-frejus\/","title":{"rendered":"Chat Frejus"},"content":{"rendered":"<p>Service priv\u00e9 fourni par DemarchesAdministratives.fr Les Marins-Pompiers de Marseille sont arriv\u00e9s trop tard pour sauver le chaton. Comme lont r\u00e9v\u00e9l\u00e9 nos confr\u00e8res de France Bleu Provence, samedi 5 octobre, une \u00e9quipe de secouristes est intervenue sur le balcon du premier \u00e9tage dune r\u00e9sidence du 12e arrondissement de Marseille, pour capturer un boa de deux m\u00e8tres. Pr\u00e8s de 15 000 chats errants sauv\u00e9s! isakarakus Pixabay Retrouvez toute lactualit\u00e9 dAPRIL sur Facebook et Twitter. Suivez-nous!  concerne les assurances Auto, Moto, Habitation, Pr\u00e9voyance et Laquarelle, art fin et sensible vous est pr\u00e9sent\u00e9 par un artiste du circuit des m\u00e9tiers dart : Jean-Pierre B\u00e9roard. Son atelier se situe dans le coeur historique, rue du docteur Ciamin <img decoding=\"async\" src=\"http:\/\/c8.alamy.com\/comp\/K74852\/france-var-frejus-district-of-saint-aygulf-beach-of-the-esclamandes-K74852.jpg\" alt=\"chat frejus\" align=\"left\">  La pension est compl\u00e8te du 27 d\u00e9cembre au 1 janvier 2019 inclus Nos v\u00e9t\u00e9rinaires sont des g\u00e9n\u00e9ralistes polyvalents qui mettront leurs connaissances dans les diff\u00e9rents domaines de la m\u00e9decine v\u00e9t\u00e9rinaire endocrinologie, dermatologie, cardiologie, g\u00e9n\u00e9tique, etc.. Au service de la sant\u00e9 de votre animal. Soixante animaux abandonn\u00e9s en trente-cinq jours, soit un toutes les dix-huit heures. Les b\u00e9n\u00e9voles de lAssociation toulonnaise des amis du chat Atac, en charge de la structure municipale \u00e0 Lagoubran 1, ont du mal \u00e0 aligner les chiffres.  T\u00e9l\u00e9chargez votre photo. Poids de votre photo : 2Mo max Lh\u00f4tel Les Roches Rouges avec piscine et spa, est un \u00e9tablissement 5 \u00e9toiles situ\u00e9 au bord de leau dans le quartier.. Je partage ma vie avec mes amours de chiens deux fr\u00e8res ratier de Prague, \u00e2.. Bonjour, je suis une grande amoureuse des animaux, et je garde depuis longtemps les chats et lapins de mes amis pendant leurs vacances, ave.. <img decoding=\"async\" src=\"http:\/\/nationalmapping.us\/u\/im\/thumb-fantaisie-cabane-exterieur-pour-chat-6893.jpg\" alt=\"chat frejus\" align=\"left\"> Pension Le Chat Perch\u00e9-Pension pour chiens et chats, 300 rue Jean Carrara 83370 Fr\u00e9jus-Adresse, Horaire Bonjour, je mappelle Lily-Rose, jai 19 ans, je suis actuellement \u00e9tudiante en facult\u00e9 de sport et jhabite \u00e0 Cannes. <img decoding=\"async\" src=\"http:\/\/www.mes-ballades.com\/83\/image-83\/frejus-dressage.jpg\" alt=\"chat frejus\" align=\"left\">.<\/p>\n","protected":false},"excerpt":{"rendered":"<p>chat frejus<\/p>\n","protected":false},"author":1,"featured_media":0,"comment_status":"closed","ping_status":"closed","sticky":false,"template":"","format":"standard","meta":{"footnotes":""},"categories":[1],"tags":[],"_links":{"self":[{"href":"https:\/\/dig-stuttgart.de\/info\/wp-json\/wp\/v2\/posts\/8135"}],"collection":[{"href":"https:\/\/dig-stuttgart.de\/info\/wp-json\/wp\/v2\/posts"}],"about":[{"href":"https:\/\/dig-stuttgart.de\/info\/wp-json\/wp\/v2\/types\/post"}],"author":[{"embeddable":true,"href":"https:\/\/dig-stuttgart.de\/info\/wp-json\/wp\/v2\/users\/1"}],"replies":[{"embeddable":true,"href":"https:\/\/dig-stuttgart.de\/info\/wp-json\/wp\/v2\/comments?post=8135"}],"version-history":[{"count":1,"href":"https:\/\/dig-stuttgart.de\/info\/wp-json\/wp\/v2\/posts\/8135\/revisions"}],"predecessor-version":[{"id":8136,"href":"https:\/\/dig-stuttgart.de\/info\/wp-json\/wp\/v2\/posts\/8135\/revisions\/8136"}],"wp:attachment":[{"href":"https:\/\/dig-stuttgart.de\/info\/wp-json\/wp\/v2\/media?parent=8135"}],"wp:term":[{"taxonomy":"category","embeddable":true,"href":"https:\/\/dig-stuttgart.de\/info\/wp-json\/wp\/v2\/categories?post=8135"},{"taxonomy":"post_tag","embeddable":true,"href":"https:\/\/dig-stuttgart.de\/info\/wp-json\/wp\/v2\/tags?post=8135"}],"curies":[{"name":"wp","href":"https:\/\/api.w.org\/{rel}","templated":true}]}}