{"id":8139,"date":"2020-07-08T21:26:45","date_gmt":"2020-07-08T21:26:45","guid":{"rendered":"http:\/\/dig-stuttgart.de\/info\/?p=8139"},"modified":"2020-06-28T18:05:17","modified_gmt":"2020-06-28T18:05:17","slug":"femme-lyon","status":"publish","type":"post","link":"https:\/\/dig-stuttgart.de\/info\/2020\/07\/08\/femme-lyon\/","title":{"rendered":"Femme Lyon"},"content":{"rendered":"<p>Vans FR Femmes, Hommes Enfants Chaussures V\u00eatements Sacs \u00e0 Dos A loccasion de la Journ\u00e9e Internationale pour les droits des femmes le 8 mars 2020, la Ville de Lyon a choisi de mettre en valeur la vie culturelle et artistique. Un large programme danimations, d\u00e9bats, conf\u00e9rences, projections, etc. Vous attend durant un mois partout en ville! L\u00e9quipe Alcyor est compos\u00e9e dhommes et de femmes exp\u00e9riment\u00e9s. Derri\u00e8re ce festival se cachent beaucoup dacteurs, partenaires, des hommes et des femmes impliqu\u00e9s. Mais \u00e0 linitiative du projet, deux femmes, lyonnaises ont cr\u00e9\u00e9 Les Lumineuses et lanc\u00e9 le festival Lyon, lumi\u00e8res, Lumineuses, vous voyez la r\u00e9f Bref, jai nomm\u00e9 fi\u00e8rement : Marie-Sophie Obama et Nathalie Pradines. Je suis l\u00e0 pour vous!! pour vous faire passer un moment grav\u00e9 \u00e0 jamais! Lyon : le corps dune jeune femme qui avait les pieds et les mains li\u00e9s rep\u00each\u00e9 dans le Rh\u00f4ne  Bonjour, actuellement \u00e0 la recherche dun logement sur la ville de Lyon pour des raisons personnelles et professionnelles je cherche \u00e0 vivre en colocation intergenerationnel une femme de pr\u00e9f\u00e9rence. Sa cavale aura dur\u00e9 deux mois. Le principal suspect du meurtre dune jeune femme de 22 ans \u00e0 Lyon, a \u00e9t\u00e9 interpell\u00e9 \u00e0 Marseille samedi, selon les informations du. \u00c2g\u00e9 de 22 ans lui aussi, cet homme est soup\u00e7onn\u00e9 davoir battu \u00e0 mort sa compagne en mai dernier. Il a \u00e9t\u00e9 remis dimanche aux policiers de la direction d\u00e9partementale de la s\u00e9curit\u00e9 publique du Rh\u00f4ne-Cheveux : Blond-160 cm-Statut civil: S\u00e9par\u00e9-Silhouette : Je vous le dirai plus tard <img decoding=\"async\" src=\"http:\/\/www.offthetopsalon.com\/images\/Michael%20Kors\/34963571320.jpg\" alt=\"femme lyon\" align=\"center\"> <img decoding=\"async\" src=\"http:\/\/www.cafebrella.com\/images\/\/pic\/ZCr23hEMAb.jpg\" alt=\"femme lyon\" align=\"left\">  Cest la, loi \u00e9tendant laide sociale \u00e0 de nouvelles cat\u00e9gories de b\u00e9n\u00e9ficiaires et modifiant diverses dispositions du Code de la famille et de laide sociale du Code du travail qui cr\u00e9a les CHRS dont lintitul\u00e9 de d\u00e9part \u00e9tait Centres dh\u00e9bergement et de r\u00e9adaptation sociale. <img decoding=\"async\" src=\"http:\/\/www.accentsconagua.com\/wp-content\/uploads\/2017\/11\/incroyable-tenue-mariage-femme-lyon-tenue-mariage-femme-nous-sommes-obs-d-s-par-cette-robe-de-mari-e.jpg\" alt=\"femme lyon\" align=\"center\"> Adecco Medical a besoin de ces informations compl\u00e9mentaires pour enregistrer votre candidature : happy married couple, were looking for a bisexual woman or couple to share an evening together En savoir plus sur lenvironnement de travail chez Jai lu et compris les informations relatives \u00e0 lutilisation de mes donn\u00e9es personnelles expliqu\u00e9es dans la  Il est nomm\u00e9 responsable au sein du Parti socialiste des relations avec les autres et les, puis devient secr\u00e9taire national en 1986. Leader de lopposition au sein du conseil municipal de Lyon, cest lui qui m\u00e8ne lopposition \u00e0 quand celui-ci est \u00e9lu maire en 1989. Nomm\u00e9 secr\u00e9taire national du Parti socialiste, d\u00e9l\u00e9gu\u00e9 aux puis aux, G\u00e9rard Collomb participe \u00e0 la cr\u00e9ation de la, dont il devient secr\u00e9taire g\u00e9n\u00e9ral d\u00e8s sa cr\u00e9ation en 1992. Il sera aussi membre du de 1994 \u00e0 1999 et de la de 1992 \u00e0 1999. Les r\u00e9fugi\u00e9s climatiques venus des villes \u00e9cologistes.<\/p>\n","protected":false},"excerpt":{"rendered":"<p>femme lyon<\/p>\n","protected":false},"author":1,"featured_media":0,"comment_status":"closed","ping_status":"closed","sticky":false,"template":"","format":"standard","meta":{"footnotes":""},"categories":[1],"tags":[],"_links":{"self":[{"href":"https:\/\/dig-stuttgart.de\/info\/wp-json\/wp\/v2\/posts\/8139"}],"collection":[{"href":"https:\/\/dig-stuttgart.de\/info\/wp-json\/wp\/v2\/posts"}],"about":[{"href":"https:\/\/dig-stuttgart.de\/info\/wp-json\/wp\/v2\/types\/post"}],"author":[{"embeddable":true,"href":"https:\/\/dig-stuttgart.de\/info\/wp-json\/wp\/v2\/users\/1"}],"replies":[{"embeddable":true,"href":"https:\/\/dig-stuttgart.de\/info\/wp-json\/wp\/v2\/comments?post=8139"}],"version-history":[{"count":1,"href":"https:\/\/dig-stuttgart.de\/info\/wp-json\/wp\/v2\/posts\/8139\/revisions"}],"predecessor-version":[{"id":8140,"href":"https:\/\/dig-stuttgart.de\/info\/wp-json\/wp\/v2\/posts\/8139\/revisions\/8140"}],"wp:attachment":[{"href":"https:\/\/dig-stuttgart.de\/info\/wp-json\/wp\/v2\/media?parent=8139"}],"wp:term":[{"taxonomy":"category","embeddable":true,"href":"https:\/\/dig-stuttgart.de\/info\/wp-json\/wp\/v2\/categories?post=8139"},{"taxonomy":"post_tag","embeddable":true,"href":"https:\/\/dig-stuttgart.de\/info\/wp-json\/wp\/v2\/tags?post=8139"}],"curies":[{"name":"wp","href":"https:\/\/api.w.org\/{rel}","templated":true}]}}