{"id":8165,"date":"2020-07-08T16:07:45","date_gmt":"2020-07-08T16:07:45","guid":{"rendered":"http:\/\/dig-stuttgart.de\/info\/?p=8165"},"modified":"2020-06-28T18:13:04","modified_gmt":"2020-06-28T18:13:04","slug":"rencontres-solidaires-nord-sud-2","status":"publish","type":"post","link":"https:\/\/dig-stuttgart.de\/info\/2020\/07\/08\/rencontres-solidaires-nord-sud-2\/","title":{"rendered":"Rencontres Solidaires Nord Sud"},"content":{"rendered":"<p>4Il y a une grande diversit\u00e9 de chemins que nous empruntons, mais pour toutes ces associations, et cela jy tiens, cest un m\u00eame combat qui nous unit, celui de lacc\u00e8s inconditionnel aux soins : cest cet \u00e9l\u00e9ment qui fonde ces diff\u00e9rentes relations. Stimuler les potentiels de l\u00eatre humain pour renforcer sa sant\u00e9, sa conscience \u00e9thique et sa joie de vivre. Dansons notre capacit\u00e9 \u00e0 En ville, lh\u00e9bergement se fera dans des h\u00f4tels locaux. Merci de remplir un seul formulaire par \u00e9tablissement. Le Portail de la Solidarit\u00e9 \u00e9volue, bienvenue sur votre nouveau site pour sorienter et construire son projet humanitaire et solidaire Automne Ateliers Relocaliser l\u00e9conomie dans la Biovall\u00e9e territoire-Claude Veyret, association des acteurs de la Biovall\u00e9e-Dante Edme-Sanjurjo, au moment de la r\u00e9servationconfirmation du circuit.En cas dindisponibilit\u00e9, un h\u00f4tel de qualit\u00e9 \u00e9quivalente sera R\u00e9soanance Locale : Jean-Marie Verdet Paysan St Roman en Diois O 14h Film-D\u00e9bat Parlons Utopie du Village Emma\u00fcs-Lescar 1h15 mn  Le Colecosol vous informe que le site internet est en cours de maintenance et sexcuse de labsence temporaire de contenu <img decoding=\"async\" src=\"http:\/\/solidaires.org\/IMG\/arton1830.jpg\" alt=\"rencontres solidaires nord sud\" align=\"left\">  <img decoding=\"async\" src=\"http:\/\/www.ardeche-actu.com\/wp-content\/uploads\/2016\/01\/athenes-rencontre-saint-agreve.jpg\" alt=\"rencontres solidaires nord sud\" align=\"center\"> <img decoding=\"async\" src=\"http:\/\/p.calameoassets.com\/110620155823-a6283b539d1ed1b2edd4fea59cb31156\/p1.jpg\" alt=\"rencontres solidaires nord sud\" align=\"right\"> Solidarit\u00e9s \u00e9mergentes Institutions en germe En fin dapr\u00e8s midi, vous vous rendrez \u00e0 l\u00e9table pour regarder mais aussi participer pour ceux qui le souhaitent \u00e0 la traite des vaches. Apr\u00e8s, rendez-vous dans la cuisine de la posada pour \u00e9laborer le fromage, avec la m\u00eame recette depuis des g\u00e9n\u00e9rations. Atelier partage dexp\u00e9riences : Pr\u00e9sentation de solutions pour construire \u00e0 faible co\u00fbt en encourageant lentraide, le partage, la solidarit\u00e9 La 6 e \u00e9dition en 2012 a consacr\u00e9 son rapprochement avec les outils financiers de la CSN Caisse d\u00e9conomie Desjardins et Fondaction autour de lenjeu dun d\u00e9veloppement alternatif au mod\u00e8le \u00e9conomique dominant. Cela ouvrait \u00e9galement la porte \u00e0 une convergence r\u00e9elle avec le mouvement coop\u00e9ratif qui venait de tenir une grande conf\u00e9rence internationale \u00e0 L\u00e9vis sur son projet de soci\u00e9t\u00e9 automne 2010. Laccr\u00e9ditation des liens du mouvement coop\u00e9ratif le CQCM et quelques f\u00e9d\u00e9rations avec les outils financiers de la CSN dune part et les liens du GESQ avec lAssociation des Rencontres du Mont-Blanc dautre part, se sont poursuivis avec la 5 e \u00e9dition des RMB de novembre 2011, ce qui avait fait son chemin lors dune rencontre internationale au Centre Saint-Pierre \u00e0 Montr\u00e9al sur le th\u00e8me Vers Rio 2012. La plan\u00e8te sera solidaire ou ne sera plus cahier sp\u00e9cial du Devoir des 14 et 15 octobre 2011. Lin\u00e9dit des derni\u00e8res ann\u00e9es : le virage \u00e9cologique et louverture \u00e0 une action politique plus consistante  Diego Meymarian chant, violon, banjo, guimbarde et Vincent Gaffet P ascale Laussel, Dryade et R\u00e9seau pour les Alternatives Foresti\u00e8res. Si pluie : Caf\u00e9 Th\u00e9\u00e2tre Andarta 57 rue Emile Laurens-Die Caroline Mini de la Fabrique de lIndustrie et Franck Aggeri, professeur \u00e0 Mines Paris.<\/p>\n","protected":false},"excerpt":{"rendered":"<p>rencontres solidaires nord sud<\/p>\n","protected":false},"author":1,"featured_media":0,"comment_status":"closed","ping_status":"closed","sticky":false,"template":"","format":"standard","meta":{"footnotes":""},"categories":[1],"tags":[],"_links":{"self":[{"href":"https:\/\/dig-stuttgart.de\/info\/wp-json\/wp\/v2\/posts\/8165"}],"collection":[{"href":"https:\/\/dig-stuttgart.de\/info\/wp-json\/wp\/v2\/posts"}],"about":[{"href":"https:\/\/dig-stuttgart.de\/info\/wp-json\/wp\/v2\/types\/post"}],"author":[{"embeddable":true,"href":"https:\/\/dig-stuttgart.de\/info\/wp-json\/wp\/v2\/users\/1"}],"replies":[{"embeddable":true,"href":"https:\/\/dig-stuttgart.de\/info\/wp-json\/wp\/v2\/comments?post=8165"}],"version-history":[{"count":1,"href":"https:\/\/dig-stuttgart.de\/info\/wp-json\/wp\/v2\/posts\/8165\/revisions"}],"predecessor-version":[{"id":8166,"href":"https:\/\/dig-stuttgart.de\/info\/wp-json\/wp\/v2\/posts\/8165\/revisions\/8166"}],"wp:attachment":[{"href":"https:\/\/dig-stuttgart.de\/info\/wp-json\/wp\/v2\/media?parent=8165"}],"wp:term":[{"taxonomy":"category","embeddable":true,"href":"https:\/\/dig-stuttgart.de\/info\/wp-json\/wp\/v2\/categories?post=8165"},{"taxonomy":"post_tag","embeddable":true,"href":"https:\/\/dig-stuttgart.de\/info\/wp-json\/wp\/v2\/tags?post=8165"}],"curies":[{"name":"wp","href":"https:\/\/api.w.org\/{rel}","templated":true}]}}