{"id":8203,"date":"2020-07-08T19:04:12","date_gmt":"2020-07-08T19:04:12","guid":{"rendered":"http:\/\/dig-stuttgart.de\/info\/?p=8203"},"modified":"2020-06-29T04:16:05","modified_gmt":"2020-06-29T04:16:05","slug":"rencontre-amis-reunion","status":"publish","type":"post","link":"https:\/\/dig-stuttgart.de\/info\/2020\/07\/08\/rencontre-amis-reunion\/","title":{"rendered":"Rencontre Amis Reunion"},"content":{"rendered":"<p>Leau, il faut en parler, et quoi de mieux que de se questionner sur ce que lon fait ou ne fait pas avec, comment on la traite ou la maltraite pour peut \u00eatre r\u00e9v\u00e9ler \u00e0 nous m\u00eame des choses si \u00e9videntes que nous ne les voyons pas. Bien poser un.. And tracking cookies or similar technologies to understand your event preferences  Sartoux-Simon Heyrand, producteur local-Nicolas Molinier, Agribiodr\u00f4me-R\u00e9my Gras charg\u00e9 de lalimentation \u00e0 la Communaut\u00e9 des Communes du Crestois et Pays de Saillans Salut les filles, je souhaiterais rencontrer des personnes d\u00e9sirant lier de vrais liens damiti\u00e9 pour pouvoir sortir, discuter et se confier. Je suis en couple, je nai pas denfants.. S\u00f3lo se sirven, y. Solo la Francia, il Belgio e la Svizzera sono serviti. Lia hrefhttps:www.nouvelobs.comabc-lettrespetits-mots.html titlePetits mots Petits motsali entraide entre le Castor et le petit monde de la rivi\u00e8re? D\u00e9couvrir les bienfaits de lalimentation crue et pr\u00e9parer ensemble de d\u00e9licieux biscuits. Sur inscription 16 pers Comment la mis\u00e8re sociale conduit-elle des jeunes \u00e0 basculer dans la d\u00e9linquance et la violence? Pascal nous t\u00e9moignera de son parcours personnel au sein <img decoding=\"async\" src=\"http:\/\/freedom.fr\/wp-content\/uploads\/2017\/03\/poisson-gastronomie.jpg\" alt=\"rencontre amis reunion\" align=\"left\"> Une image vaut mieux que mille mots, alors une vid\u00e9o? Vous souhaitez faire de belles rencontres \u00e0 Lyon? Inscrivez sur Meetic et retrouvez les c\u00e9libataires lyonnais sur notre site, lors dun ap\u00e9ritif ou dun atelier d\u00e9couverte organis\u00e9 par Meetic.   On a souvent tendance \u00e0 sous-estimer les possibilit\u00e9s que nous offrent notre propre r\u00e9seau, virtuel ou r\u00e9el. Demandez \u00e0 vos contacts sils ne connaissent pas quelquun fan de tortues pour vous accompagner au Galapagos. Ou si la cousine de votre meilleure amie, qui habite Sydney, ne peut pas boire un verre avec vous \u00e0 votre arriv\u00e9e sur place. On ne sait jamais, Facebook pourrait finalement vous servir \u00e0 quelque chose! Au plus pr\u00e8s de la vie sauvage Dans les bois nous entra\u00eene dans un lieu o\u00f9 les limites du temps ont disparu, dans une nature sauvage et dune fragile Apr\u00e8s avoir trafiqu\u00e9 comme lon sait, avoir fait prendre des risques \u00e0 la droite, ilose revenir. Va-t-il avoir le culot de se pr\u00e9senter \u00e0 la primaire? Avec cet individu tout est possible.. Signaler un contenu abusif <img decoding=\"async\" src=\"http:\/\/p3.storage.canalblog.com\/39\/87\/1306266\/104749243_o.jpg\" alt=\"rencontre amis reunion\" align=\"right\"> Pour cela, rendez-vous dans longlet Chat, puis dans la colonne de gauche, cliquez sur le bouton pr\u00e9sent \u00e0 c\u00f4t\u00e9 de la mention R\u00e9cent pour cr\u00e9er un nouveau Chat, cr\u00e9er un canal ou en rejoindre un d\u00e9j\u00e0 existant 8. Enregistrez la vid\u00e9o dune r\u00e9union Diego Meymarian chant, violon, banjo, guimbarde et Vincent Gaffet <img decoding=\"async\" src=\"http:\/\/idata.over-blog.com\/4\/10\/30\/15\/Reunion_Pelissanne_Cantonales_.jpg\" alt=\"rencontre amis reunion\" align=\"center\"> ou bont\u00e9. Notre \u00e9poque red\u00e9couvre avec \u00e9merveillement que dans cette fameuse jungle darwinienne il flotte aussi un ent\u00eatant parfum dentraideUn examen attentif de l\u00e9ventail du vivant r\u00e9v\u00e8le&#8211; span stylez-index:0;position:relative;top:-2px;background:transparent urlhttps:www.nouvelobs.comthemesheaderobs-sprite.png no-repeat 0-371px;nbsp;nbsp;nbsp;nbsp;nbsp;span- Je suis tr\u00e8s heureux de vous retrouver apr\u00e8s, je le sais, de longues heures de travail et d\u00e9changes. Et donc jarrive \u00e0 la fin pour r\u00e9colter les fruits de ce que vous avez sem\u00e9, de tous ces \u00e9changes strat\u00e9giques et de ce que vous avez pu aujourdhui dire, montrer, prouver. Mais je voulais, avant toute chose, vous dire combien je suis heureux de vous retrouver ici \u00e0 La R\u00e9union et d\u00eatre \u00e0 vos c\u00f4t\u00e9s dans cette \u00eele o\u00f9 bat non seulement le c\u0153ur de la France, mais aussi celui de lEurope et de lOc\u00e9an Indien. Jai tenu en effet \u00e0 cette entr\u00e9e en mati\u00e8re, car votre pr\u00e9sence, notre rencontre dans ce format un peu atypique nous ram\u00e8ne aussi et avant tout dabord un puissant h\u00e9ritage, celui du lien ind\u00e9fectible qui nous unit, celui dune civilisation que de grands historiens fran\u00e7ais et africains appellent avec beaucoup de justesse la culture des rivages. Ces rivages qui ont fait de lOc\u00e9an Indien non pas un barrage ou un obstacle, mais un trait dunion entre les c\u00f4tes dAfrique, dInde et dAsie, et gr\u00e2ce \u00e0 votre pr\u00e9sence, monsieur le Premier ministre de Madagascar, messieurs les ministres venus dInde, de Maurice, des Seychelles, des Comores, mesdames, messieurs les chefs dentreprise venant de toute la r\u00e9gion et vous, chefs dentreprises investisseurs, Fran\u00e7aises et Fran\u00e7ais, cest lunion de ces forces que nous construisons dans un espace commun et qui est \u00e0 mes yeux \u00e0 r\u00e9inventer. Beaucoup de R\u00e9unionnaises et de R\u00e9unionnais qui nous \u00e9coutent pourraient se dire : cest \u00e9trange. Le pr\u00e9sident de la R\u00e9publique arrive \u00e0 La R\u00e9union et il se retrouve \u00e0 faire une conf\u00e9rence avec des chefs dEtat de la r\u00e9gion, des entreprises de la r\u00e9gion. Et il ne parle pas de nos probl\u00e8mes. Je veux plaider que cette r\u00e9union est au c\u0153ur des probl\u00e8mes de notre territoire ici. J\u00e9tais il y a quelques instants avec nos compatriotes. Ils mont tous dit : occupez-vous de la vie ch\u00e8re. La vie ch\u00e8re, pendant longtemps, on a r\u00e9pondu en mettant des aides. Il en faut parfois. Enfin, \u00e7a marche mieux quand on cr\u00e9e plus demplois et quon cr\u00e9e plus de concurrence pour faire baisser les prix. Cest comme \u00e7a quon r\u00e9pond aux probl\u00e8mes de la vie ch\u00e8re partout dans le monde. Ce dont nous avons besoin \u00e0 La R\u00e9union, comme partout et ce nest pas le seul territoire \u00e0 \u00eatre confront\u00e9 \u00e0 ces d\u00e9fis, cest de cr\u00e9er plus demplois, plus dactivit\u00e9s, de produire davantage, davoir plus de concurrence pour faire baisser les prix et de lagroalimentaire \u00e0 la grande distribution en passant par le b\u00e2timent, limport-export, on a besoin de cela, de cette vitalit\u00e9. Et je veux dire \u00e0 tous nos compatriotes qui me disent mon probl\u00e8me, cest la vie ch\u00e8re : la r\u00e9ponse, elle est l\u00e0, dans cette salle. En aidant les chefs dentreprise de tous les secteurs de La R\u00e9union \u00e0 travailler davantage avec la r\u00e9gion, et sinscrire pleinement dans lOc\u00e9an Indien. Je sais combien vous y croyez, pr\u00e9sident, et combien on a pu le d\u00e9velopper, mais le faire bien plus pour trouver de nouveaux march\u00e9s. Faire baisser leurs prix. R\u00e9ussir \u00e0 acc\u00e9der \u00e0 ces march\u00e9s strat\u00e9giques. Exporter davantage et cr\u00e9er de lemploi ici. Mais permettre douvrir aussi le territoire r\u00e9unionnais \u00e0 dautres acteurs de la r\u00e9gion qui vont d\u00e9couvrir ici la s\u00e9curit\u00e9 juridique, les infrastructures fran\u00e7aises et qui vont venir parfois concurrencer nos acteurs. Faire baisser aussi les prix. Apporter une offre qui a du sens pour nos compatriotes dans une \u00e9conomie ouverte. Et donc la r\u00e9ponse \u00e0 la vie ch\u00e8re, elle est, si on veut avoir une r\u00e9ponse r\u00e9elle, durable, v\u00e9ritable dans la capacit\u00e9 \u00e0 r\u00e9inscrire La R\u00e9union pleinement dans cet espace r\u00e9gional que nous constituons et \u00e0 r\u00e9ussir ce pari de Choose la R\u00e9union, cr\u00e9er plus demplois ici, avoir plus de concurrence dans tous les secteurs cl\u00e9s pour que les prix baissent et ne soient pas faits par un ou deux acteurs. Cest trop souvent, le cas dans certains secteurs qui d\u00e9cident de monter les prix que tout le monde paye. Ensuite, je crois tr\u00e8s profond\u00e9ment que cest lint\u00e9r\u00eat de toute la r\u00e9gion de rentrer dans cette strat\u00e9gie, je lai dit, la France est un pays archipel. Nous sommes dans tous les continents et ces territoires ultramarins sont une chance. Et il ne faut pas les regarder dans un face \u00e0 face entre lHexagone et les territoires ultramarins, mais dans la capacit\u00e9 que la France se donne par cet archipel d\u00eatre au monde inscrite tr\u00e8s profond\u00e9ment dans toutes ces r\u00e9gions. Or, nous parlons l\u00e0 dune r\u00e9gion qui, \u00e0 tous \u00e9gards, a aujourdhui un caract\u00e8re strat\u00e9gique in\u00e9dit. En effet, lIndopacifique, puisque cest le concept auquel je crois profond\u00e9ment et que nous avons install\u00e9, cette r\u00e9conciliation g\u00e9ographique de lOc\u00e9an Indien et de lOc\u00e9an Pacifique, lIndopacifique s\u00e9tend des rivages de lAfrique de lEst et de lAfrique australe jusquaux c\u00f4tes am\u00e9ricaines et nous parlons l\u00e0 dun espace qui repr\u00e9sente aujourdhui plus de 22 de la richesse mondiale et qui en repr\u00e9sentera bient\u00f4t 25, dun espace qui est au c\u0153ur de tous les flux commerciaux internationaux. Et le basculement du monde qui a r\u00e9\u00e9quilibr\u00e9 les flux, qui a fait que pendant longtemps, au fond, on regardait le monde dans un face \u00e0 face entre lEurope et les Etats-Unis dAm\u00e9rique. Les routes se sont rouvertes, les fruits ont profond\u00e9ment chang\u00e9. La bascule est en train de se faire et cette r\u00e9gion Indopacifique est encore plus strat\u00e9gique aujourdhui quelle ne l\u00e9tait il y a 5 ou 10 ans. Elle est fondamentale \u00e0 tous \u00e9gards et je vais y revenir. Et pour moi, la discussion que vous avez eu aujourdhui, la r\u00e9union que nous tenons aujourdhui dans un format in\u00e9dit, cest de reconna\u00eetre pleinement et dancrer la France, \u00e0 travers La R\u00e9union, dans cet espace Indopacifique. La France est un pays Indopacifique maritime et insulaire. Elle est ici par ses territoires de lOc\u00e9an Indien o\u00f9 nous sommes frontaliers de 5 \u00c9tats souverains. Plus dun million et demi de nos concitoyens vivent dans lespace Indopacifique et donc nous avons un r\u00f4le \u00e0 jouer. Nous avons un dialogue strat\u00e9gique \u00e0 jouer. Nous avons des partenaires avec lesquels nous voulons travailler encore davantage. La France doit prendre conscience \u00e9videmment ici \u00e0 la R\u00e9union, mais dans tous nos territoires, doit prendre conscience de cette r\u00e9alit\u00e9, de cette chance que nous avons ainsi en main. Je pense que dans cette r\u00e9gion, nous avons une carte \u00e0 jouer in\u00e9dite. Les ministres, et je les remercie de leur mobilisation qui montre \u00e0 quel point le gouvernement est tout entier mobilis\u00e9, de l\u00e9conomie au travail, en passant par les transports et \u00e9videmment, la ministre des Outre-mer qui a toujours \u00e9t\u00e9 \u00e0 vos c\u00f4t\u00e9s. Les ministres sont mobilis\u00e9s pour montrer que tout le gouvernement croit \u00e0 cette strat\u00e9gie. Dabord parce que nous avons des atouts majeurs pour exercer ce r\u00f4le. Ensuite, parce que nous pouvons aussi \u00eatre dans cette r\u00e9gion une puissance stabilisatrice pour y r\u00e9ussir. En effet, nos avanc\u00e9es inaudible dans lIndopacifique, dans lOc\u00e9an Indien, cest assumer avec tous les pays qui sont ici pr\u00e9sents et repr\u00e9sent\u00e9s, nombre de ceux qui ne sont pas l\u00e0 ce soir, mais partagent cet espace, cest de nous repr\u00e9senter dans un espace commun, dassumer un destin commun et dassumer v\u00e9ritablement que nous avons une r\u00e9gion pleinement \u00e0 b\u00e2tir. En effet, jai \u00e9voqu\u00e9 au sens large ce quest lIndopacifique. La r\u00e9gion est l\u00e9picentre du commerce maritime mondial et elle le sera de plus en plus. Les oc\u00e9ans abritent pr\u00e8s de 450 c\u00e2bles sous-marins par lesquels transitent les flux dinformation mondiaux. Ils rec\u00e8lent des r\u00e9serves halieutiques et \u00e9nerg\u00e9tiques sans \u00e9quivalent, qui sont vitales pour lhumanit\u00e9 et donc cette r\u00e9gion dont nous parlons, elle est en train de devenir le carrefour de demain sur le plan des routes maritimes. Elle est dores et d\u00e9j\u00e0 devenue le carrefour sur le plan des c\u00e2bles sous-marins et de la connectivit\u00e9. Et elle le sera de plus en plus compte tenu des r\u00e9serves \u00e9nerg\u00e9tiques et halieutiques qui sont les siennes et du tr\u00e9sor de biodiversit\u00e9 quelle rec\u00e8le. Et donc, nous avons un agenda \u00e0 b\u00e2tir dans cette r\u00e9gion qui est absolument in\u00e9dit et je crois que cet agenda, il faut le b\u00e2tir de mani\u00e8re collaborative, coop\u00e9rative, dans une strat\u00e9gie, si je puis dire, damiti\u00e9, douverture avec lensemble des pays de la r\u00e9gion, de coop\u00e9ration v\u00e9ritable. Et au fond, ce \u00e0 quoi je crois tr\u00e8s profond\u00e9ment, et ce que je veux que nous puissions d\u00e9cliner sous tous les volets, cest cet agenda damiti\u00e9 strat\u00e9gique avec lensemble des pays qui sont ici pr\u00e9sents, des march\u00e9s dans lesquels nombre dentre vous travaillent et parfois des familles qui vous ont constitu\u00e9, puisque notre territoire de La R\u00e9union est, je pense, embl\u00e9matique de cette richesse Indopacifique qui a su marier dans ce savoir-vivre unique et ce vivre ensemble, tant de cultures diff\u00e9rentes qui irriguaient toute la r\u00e9gion. Alors cet agenda commun, je voudrais le brosser tr\u00e8s rapidement devant vous ce soir. \u00c9videmment, je vais surtout vous parler d\u00e9conomie, mais je voulais vous dire quau-del\u00e0 de l\u00e9conomie, \u00e7a sinscrit pour moi dans une vision profond\u00e9ment g\u00e9opolitique de cette r\u00e9gion que nous devons partager. G\u00e9opolitique parce que, \u00e0 mes yeux, cest dabord un agenda de s\u00e9curit\u00e9 que nous devons b\u00e2tir. La ministre des Arm\u00e9es a d\u00e9clin\u00e9 le pilier s\u00e9curitaire et militaire de notre strat\u00e9gie Indopacifique, il y a quelques mois \u00e0 Singapour. Javais moi-m\u00eame commenc\u00e9 \u00e0 le pr\u00e9senter avec mon ami, le Premier ministre MODI, il y a maintenant un peu plus dun an, puis jen avais pr\u00e9sent\u00e9 certaines composantes ensuite \u00e0 Sydney, avec nos forces arm\u00e9es. Cest lid\u00e9e de dire que cet espace, si nous voulons quil puisse continuer \u00e0 \u00eatre un espace de libert\u00e9 et de souverainet\u00e9 respectueuse les unes des autres, nous devons en assurer collectivement la s\u00e9curit\u00e9 pour que chacun puisse avoir ce que le Premier ministre australien TURNBULL appelait la libert\u00e9 de sa souverainet\u00e9 dans ce grand espace Indopacifique et quaucune h\u00e9g\u00e9monie ne sinstalle dans la r\u00e9gion. Et donc, pour ce faire, nous avons un r\u00f4le \u00e0 jouer et des partenariats \u00e0 \u00e9tablir et nous avons commenc\u00e9 \u00e0 le faire. Il y a une d\u00e9clinaison op\u00e9rationnelle concr\u00e8te ici dans la r\u00e9gion que nous renfor\u00e7ons. Cela passe par laction de nos forces arm\u00e9es de la zone sud de lOc\u00e9an Indien d\u00e9ploy\u00e9e \u00e0 la R\u00e9union et \u00e0 Mayotte et qui contribue, en lien avec nos partenaires r\u00e9gionaux, \u00e0 la s\u00e9curit\u00e9 et \u00e0 la stabilit\u00e9 r\u00e9gionale, \u00e0 la lutte contre la piraterie, limmigration clandestine, les activit\u00e9s maritimes ill\u00e9gales. Cette pr\u00e9sence est essentielle. Elle est essentielle pour nos compatriotes qui vivent dans la r\u00e9gion, pour nos entreprises qui veulent voir leurs int\u00e9r\u00eats pr\u00e9serv\u00e9s, pour notre souverainet\u00e9 dans la r\u00e9gion et pour nos partenaires. Moi, je noublie pas que mon premier \u00e9change avec le nouveau pr\u00e9sident malgache a \u00e9t\u00e9 pour dire : jai besoin de votre aide et de inaudible pour me prot\u00e9ger contre la piraterie ill\u00e9gale et certaines intrusions. Et cette capacit\u00e9 que nous avons \u00e0 \u00eatre pr\u00e9sents, \u00e0 d\u00e9ployer une pr\u00e9sence de s\u00e9curit\u00e9 dans la r\u00e9gion est essentielle pour la construction de cette libert\u00e9 et dun agenda commun. Avec lInde, je le disais, nous avons act\u00e9 avec le Premier ministre MODI une vision oc\u00e9anique commune et renforc\u00e9 notre coop\u00e9ration op\u00e9rationnelle pour la s\u00e9curit\u00e9 et la stabilit\u00e9 dans la r\u00e9gion. Nous partageons ensemble lanalyse dune s\u00e9curit\u00e9 maritime conjointe dans le sud de lOc\u00e9an Indien et nous travaillons \u00e0 la mise en place de missions de surveillance commune et d\u00e8s le premier trimestre 2020, le d\u00e9ploiement dun avion de patrouille maritime de lIndian Navy est planifi\u00e9 \u00e0 La R\u00e9union. Ce qui est l\u00e0 aussi un mouvement in\u00e9dit, un changement tr\u00e8s profond. Il y a quelques ann\u00e9es, on nimaginait pas dengager avec nos amis indiens une pr\u00e9sence maritime ici, de la m\u00eame mani\u00e8re que les op\u00e9rations que nous avons faites r\u00e9cemment. Cest la r\u00e9alit\u00e9 de cet agenda strat\u00e9gique nouveau que nous partageons. Avec lAfrique du Sud, nous avons nou\u00e9 un partenariat l\u00e0 aussi strat\u00e9gique. Nos arm\u00e9es organiseront en novembre 2020 un important exercice militaire d\u00e9nomm\u00e9 Oxide et je souhaite que la pr\u00e9sidence de lUnion africaine, quexercera lAfrique du Sud \u00e0 partir de lann\u00e9e prochaine, soit loccasion de passer un nouveau cap dans ce partenariat strat\u00e9gique en mati\u00e8re de surveillance des mers. Et vous lavez compris, pour moi, cet agenda de s\u00e9curit\u00e9 commun dans la r\u00e9gion, cest un agenda de surveillance maritime, de protection de nos espaces marins, de construction justement, dun agenda conjoint pour \u00e9viter toute forme dh\u00e9g\u00e9monie ou dintrusion. Et cest act\u00e9 que la France est la deuxi\u00e8me puissance maritime du monde. L\u00e0 aussi, nous lavons trop souvent oubli\u00e9. Cest une r\u00e9alit\u00e9 g\u00e9opolitique. Nous avons d\u00e9cid\u00e9 de la r\u00e9investir et sur le plan politique et militaire, den tirer toutes les cons\u00e9quences avec nos partenaires, et justement, en b\u00e2tissant ces agendas de confiance avec tous les partenaires de la r\u00e9gion. Et cest cette m\u00eame \u00e9nergie et ce m\u00eame discours que nous voulons avoir avec, comme je lai d\u00e9j\u00e0 dit pour Madagascar en le structurant, mais avec le Mozambique et beaucoup dautres pays de la r\u00e9gion. La France exercera aussi la pr\u00e9sidence de la Commission de lOc\u00e9an Indien \u00e0 l\u00e9ch\u00e9ance de lann\u00e9e 2020 et nous proposerons \u00e0 nos partenaires dapprofondir cet agenda dint\u00e9gration autour de la s\u00e9curit\u00e9 maritime. Lagenda commun pour la r\u00e9gion que nous portons dans tout ce bassin Indopacifique avec nos partenaires de lOc\u00e9an Indien est aussi, et cest le deuxi\u00e8me acte que je voulais ici d\u00e9velopper, sur lequel je voulais insister aupr\u00e8s de vous, un axe de lutte contre le r\u00e9chauffement climatique et pour la protection de la biodiversit\u00e9. Je le disais, cet espace est unique et cest un tr\u00e9sor de biodiversit\u00e9. Et si nous voulons r\u00e9ussir dans la r\u00e9gion ensemble, il nous faut construire les voies et moyens de coop\u00e9rer, l\u00e0 aussi, sur ce volet. Nous avons lanc\u00e9 \u00e0 cet \u00e9gard plusieurs initiatives. La r\u00e9forme de la gouvernance du Fonds vert pour le climat, qui b\u00e9n\u00e9ficie aux pays de la r\u00e9gion, et nous nous assurerons une reconstitution efficace dans quelques jours \u00e0 Paris. Ce sont tr\u00e8s concr\u00e8tement, et le ministre y est tr\u00e8s engag\u00e9e, la possibilit\u00e9 de mobiliser les financements internationaux pour aller vers les pays les plus fragiles, les plus en difficult\u00e9, et les aider \u00e0 avoir des strat\u00e9gies sur le renouvelable exactement coh\u00e9rentes avec la strat\u00e9gie que nous poursuivons sur le territoire de la R\u00e9union en mati\u00e8re justement, l\u00e0 aussi de lutte contre le r\u00e9chauffement climatique, et jy reviendrai dans quelques instants, de d\u00e9veloppement du renouvelable. LAlliance solaire internationale est une tr\u00e8s grande initiative qui applique les accords de Paris. Nous lavons lanc\u00e9e avec le premier ministre MODI au printemps 2018 en Inde, et elle vise \u00e0 r\u00e9duire drastiquement les co\u00fbts de l\u00e9nergie solaire et permettre aux pays qui disposent de cette ressource en abondance den exploiter tout le potentiel. Ce sont l\u00e0 aussi des financements, des partages de meilleures pratiques, et cest la mobilisation de nos acteurs, en particulier lAgence fran\u00e7aise de d\u00e9veloppement, qui a b\u00e2ti une strat\u00e9gie dans ce cadre. Et donc, nous avons des partenariats avec lInde et tous les pays signataires, avec les entreprises et les investisseurs signataires, et nous avons mis en place, l\u00e0 aussi, un mod\u00e8le sp\u00e9cifique. Une premi\u00e8re strat\u00e9gie pour le Pacifique a \u00e9t\u00e9 b\u00e2tie et nous sommes en train, justement, avec nos partenaires, de finaliser linitiative r\u00e9gionale dans lOc\u00e9an Indien sur la biodiversit\u00e9, les \u00e9cosyst\u00e8mes et la lutte contre le r\u00e9chauffement climatique qui visera \u00e0 acc\u00e9l\u00e9rer ce d\u00e9ploiement. Vous le voyez, je consid\u00e8re que cet agenda climatique est absolument d\u00e9cisif. Il lest pour que nous ayons une vraie strat\u00e9gie sur le renouvelable et sur le solaire. On a commenc\u00e9 \u00e0 la voir, nous avons b\u00e2ti le cadre de coop\u00e9ration internationale. Il faut maintenant mobiliser \u00e0 plein les financements et construire des strat\u00e9gies communes avec nos partenaires de la r\u00e9gion. Il nous faut acc\u00e9l\u00e9rer le d\u00e9veloppement \u00e0 la R\u00e9union pour que le partenariat se b\u00e2tisse dici. Et \u00e0 c\u00f4t\u00e9 de cela, il nous faut acc\u00e9l\u00e9rer la lutte pour la biodiversit\u00e9. Et ce sujet, comme le pr\u00e9c\u00e9dent, est un sujet dinnovation et de cr\u00e9ation de valeur. Cest un sujet de construction de fili\u00e8re \u00e9conomique, entendons-nous bien. Je souhaite que nous ayons une strat\u00e9gie de pr\u00e9servation de notre biodiversit\u00e9 beaucoup plus efficace. Nombre d\u00e9lus, dont je retrouve ici les visages amis, le savent, qui m\u00e8nent des projets depuis longtemps en la mati\u00e8re. Prot\u00e9ger notre biodiversit\u00e9, cest \u00e9viter la pr\u00e9dation de certains projets qui ne sont plus compatibles avec un d\u00e9veloppement harmonieux, et qui donne toute sa place \u00e0 nos populations. Mais cest aussi donner la possibilit\u00e9 de d\u00e9velopper des fili\u00e8res et de la cr\u00e9ation demplois localement. D\u00e9fendre la biodiversit\u00e9 dans lOc\u00e9an Indien, cest construire enfin v\u00e9ritablement de mani\u00e8re partenariale une fili\u00e8re p\u00eache durable. Aujourdhui, il est quand m\u00eame paradoxal de voir \u00e0 quel point sur nos territoires, nous avons insuffisamment d\u00e9velopp\u00e9 nos fili\u00e8res de p\u00eache et de voir-je ne citerai personne, mais certaines puissances pr\u00e9datrices venir dans nos eaux, faire de la p\u00eache industrielle, parfois \u00e9puiser nos r\u00e9serves halieutiques, sans quil ny ait aucun b\u00e9n\u00e9fice pour lemploi dans nos r\u00e9gions. La cl\u00e9, la r\u00e9ponse \u00e0 cela, cest pr\u00e9server la biodiversit\u00e9, et faire respecter notre souverainet\u00e9-ce que je viens de dire, cest avoir les instruments juridiques pour interdire cette exploitation. Par exemple, ce que jai annonc\u00e9 ce matin aux Glorieuses, en proposant, en d\u00e9cidant de mettre en place une r\u00e9serve naturelle nationale qui prot\u00e9gera justement nos ressources, et ces derni\u00e8res, de mani\u00e8re compatible avec cet agenda, de d\u00e9velopper des fili\u00e8res p\u00eache durable qui donne de lemploi \u00e0 nos populations et qui permette la r\u00e9g\u00e9n\u00e9ration de nos r\u00e9serves halieutiques. Cest ce mod\u00e8le qui a un sens. Et donc lagenda biodiversit\u00e9 nest pas r\u00e9serv\u00e9 \u00e0 quelques-uns qui pourraient avoir le luxe de ces belles id\u00e9es. Au contraire, cest un agenda strat\u00e9gique pour toute la r\u00e9gion parce que la r\u00e9gion est faite de pays vuln\u00e9rables, si nous ny prenons pas garde, parce quun des atouts de la r\u00e9gion, cest son capital biodiversit\u00e9. \u00c7a nest pas un capital artificiel, \u00e7a nest pas un capital construit, cest un capital naturel. Et il faut r\u00e9ussir \u00e0 le valoriser pleinement. Et je mengage aussi \u00e0 ce que le plan international et financier, nous arrivions \u00e0 pleinement le valoriser pour quil y ait un retour sur les territoires et les populations. Et donc vous le voyez, cest un agenda de conqu\u00eates. Et la r\u00e9union, il y a \u00e9videmment une place essentielle. Mais tout cet agenda \u00e9tait d\u00e9clin\u00e9 avec lensemble de nos partenaires de la r\u00e9gion. Et puis, le troisi\u00e8me axe de cette strat\u00e9gie Indopacifique, cest \u00e9videmment laxe \u00e9conomique. Je tenais ici \u00e0 en pr\u00e9senter quelques lignes fortes devant vous qui en \u00eates les acteurs, les engag\u00e9s, parce que je crois tr\u00e8s profond\u00e9ment que cette r\u00e9gion a un r\u00f4le essentiel \u00e0 jouer et au fond, il y a trois sujets sur lesquels je voulais principalement insister. Le premier pilier de cette strat\u00e9gie \u00e9conomique, cest celui de la connectivit\u00e9 et des infrastructures physiques et num\u00e9riques. Je sais, vous en avez parl\u00e9. Vos \u00e9lus lont souvent port\u00e9, \u00e0 juste titre, et le portent avec force, et les chefs dentreprise, comme dailleurs la population, le demandent avec beaucoup de ferveur. \u00catre connect\u00e9e, cest avoir un acc\u00e8s. Avoir un acc\u00e8s \u00e0 la possibilit\u00e9 de se d\u00e9placer, daller faire des \u00e9tudes y compris dans la r\u00e9gion, de commuter, davoir, dexister dans cet espace qui est un espace culturel, linguistique qui a sa r\u00e9alit\u00e9, mais qui est s\u00e9par\u00e9 parfois par des barri\u00e8res de non connexion maritime, a\u00e9rienne ou num\u00e9rique. Et donc, nous devons y r\u00e9pondre. Les besoins dinfrastructures dans toute la r\u00e9gion sont colossaux. Je vais citer la Banque asiatique de d\u00e9veloppement 22 600 milliards de dollars dici \u00e0 2030, dit-elle. \u00c7a vous montre le d\u00e9fi, et cest un d\u00e9fi public et priv\u00e9. Cest absolument consid\u00e9rable. Et dans une zone compos\u00e9e tr\u00e8s majoritairement de pays insulaires ou riverains dun oc\u00e9an, la question de la connectivit\u00e9 des r\u00e9seaux, et de ses r\u00e9seaux de transport est centrale, \u00e9conomiquement comme politiquement. La connectivit\u00e9 a\u00e9rienne, comment proposer des offres touristiques innovantes, inventer une \u00e9conomie comp\u00e9titive, si on na pas davions qui desservent le territoire? J\u00e9tais \u00e0 Mayotte hier. On voit tout de suite, avec les contraintes de la piste, que cest difficile. Je connais les contraintes que vous vivez ici. On a souvent parl\u00e9 avec vous, pr\u00e9sident, et avec vos parlementaires. Et donc renforcer la connectivit\u00e9, l\u00e0 aussi, \u00e7a veut dire quoi? Faire venir dautres acteurs de la r\u00e9gion, renforcer et stabiliser les infrastructures qui sont de tr\u00e8s grande qualit\u00e9 ici. Mais renforcer la concurrence. Faire venir nos nouveaux acteurs pour faire baisser les prix. R\u00e9ussir \u00e0 sassurer \u00e0 ce quil y ait une v\u00e9ritable offre et d\u00e9velopper loffre r\u00e9gionale aussi pour permettre la mobilit\u00e9 infrar\u00e9gionale. Et donc renforcer la connectivit\u00e9 de la R\u00e9union avec ses voisins. Cest ce que nous voulons faire, notamment dans la foul\u00e9e des achats des nouveaux A220 Airbus par Air Austral. On doit mener des partenariats nouveaux avec dautres compagnies, les pousser \u00e0 se d\u00e9velopper, et r\u00e9ussir aussi \u00e0 mieux contr\u00f4ler la concurrence dans ce secteur pour que les prix ne senvolent pas. Cest pour \u00e7a que jai demand\u00e9 \u00e0 lAutorit\u00e9 de la concurrence de renforcer, y compris dans ce domaine, on le sait, les exc\u00e8s parfois constat\u00e9s. Lenjeu, cest de construire avec nos partenaires des infrastructures de transport et de communication de qualit\u00e9, qui garantissent la libre circulation des personnes, de linformation et des biens, qui soient des projets soutenables \u00e9conomiquement et respectueux de la souverainet\u00e9 des \u00c9tats sur le plan de la dette. Quest-ce que \u00e7a veut dire? Je traduis ce qui ma \u00e9t\u00e9 dit en termes diplomatiques. Que quand certains grands pays proposent \u00e0 dautres \u00c9tats de faire des infrastructures en sendettant \u00e0 200 du PIB, \u00e7a nest g\u00e9n\u00e9ralement pas soutenable. Et donc cest des promesses qui finissent mal. Il y a des exemples pour t\u00e9moigner. Je vous invite \u00e0 voir ce qui sest pass\u00e9 au Sri Lanka. Donc il est clair que nous avons sur ce sujet aussi une clarification du mode daction, et cest un d\u00e9bat que nous continuons \u00e0 avoir avec plusieurs de nos amis parce que je pense quil faut clarifier ce point. La France a \u00e9videmment un r\u00f4le important \u00e0 jouer dans ce domaine, \u00e0 la fois sur le plan de la d\u00e9finition des normes et des standards du fait de son appartenance \u00e0 lUnion europ\u00e9enne, sur le plan financier, au travers des moyens que la France met par lAgence fran\u00e7aise de d\u00e9veloppement dans la r\u00e9gion, et sur le plan des comp\u00e9tences. Et donc nous continuerons l\u00e0-dessus d\u00eatre tellement investis, mais la R\u00e9union doit \u00eatre pour la France le hub de d\u00e9veloppement de cette strat\u00e9gie de connectivit\u00e9 et de transport. Et plusieurs exemples incarnent d\u00e9j\u00e0 cette r\u00e9alit\u00e9. Je ne suis pas en train de vous parler dun r\u00eave qui na pas dancrage ou de r\u00e9alit\u00e9. Je pense par exemple CMA-CGM qui a fait de La R\u00e9union son hub maritime pour tout lOc\u00e9an Indien. Cest un choix qui b\u00e9n\u00e9ficie en m\u00eame temps \u00e0 notre territoire, \u00e9videmment, et \u00e0 la strat\u00e9gie portuaire et dinfrastructures de La R\u00e9union, mais qui b\u00e9n\u00e9ficie \u00e0 toute la r\u00e9gion parce que \u00e7a irrigue celle-ci et cest tr\u00e8s bon pour tous nos partenaires. \u00c7a renforce aussi plusieurs industries, \u00e7a permet les \u00e9changes. Je pense \u00e9galement au projet de liaison par c\u00e2ble sous-marin en fibre optique, qui constitue un enjeu majeur, \u00e9conomique, de s\u00e9curit\u00e9 et de souverainet\u00e9 pour tous les pays de la r\u00e9gion. Sur ce point, je veux vraiment attirer votre attention. On a tr\u00e8s peu parl\u00e9 dans les discours officiels ces derni\u00e8res d\u00e9cennies du sujet des c\u00e2bles sous-marins. \u00c7a peut peut-\u00eatre para\u00eetre un peu baroque \u00e0 certains qui mentendrez en parler ainsi. Mais ne vous trompez pas, dans un monde o\u00f9 tout se num\u00e9rise, cest un enjeu strat\u00e9gique. Pour permettre les \u00e9changes et les acc\u00e9l\u00e9rer, il en faut de nouveaux. Mais pour \u00eatre s\u00fbrs, et pour savoir qui les contr\u00f4le. Parce que le jour o\u00f9 on aura tir\u00e9 des c\u00e2bles, mais on ne sait pas qui les contr\u00f4le et qui a acc\u00e8s aux donn\u00e9es qui passent entre elles, nous nous r\u00e9veillerons dans un monde qui aura peut-\u00eatre chang\u00e9 dallure. Et donc nous devons nous pr\u00e9occuper de ce sujet. Et dans la r\u00e9gion, cest un espace absolument strat\u00e9gique, entre lAfrique et lAsie, entre lAfrique et le Pacifique. Et donc, ce carrefour des c\u00e2bles sous-marins est un carrefour des \u00e9changes \u00e9conomiques et des \u00e9changes de donn\u00e9es, et en m\u00eame temps, de la port\u00e9e strat\u00e9gique de ce point. Il y a un int\u00e9r\u00eat d\u00e9cisif \u00e0 travailler sur ces projets entre partenaires de confiance. Et cest aussi pour cela que la pr\u00e9sence de plusieurs membres du gouvernement de la r\u00e9gion est essentielle. On doit partager cette strat\u00e9gie. Elle est importante pour votre souverainet\u00e9, \u00e0 laquelle vous tenez tant, et pour la n\u00f4tre. Je pense \u00e9videmment aussi aux activit\u00e9s de vos entreprises et des entreprises qui nous ont rejoints pour le Sommet Action dans les t\u00e9l\u00e9coms \u00e0 Madagascar, La R\u00e9union, aux Comores, SIPROMAD et tant dautres qui participent de cette logique de connectivit\u00e9 de toute la r\u00e9gion. Les territoires dOutre-mer fran\u00e7ais peuvent dans ce cadre devenir de v\u00e9ritables hubs num\u00e9riques aussi. Je parlais de ce hub dinfrastructure portuaire, hub num\u00e9rique. Cest le souhait de la Polyn\u00e9sie fran\u00e7aise, que nous souhaitons et encourageons. Jy serai dans quelques mois. Et cette perspective tr\u00e8s claire pour La R\u00e9union qui a investi depuis plusieurs ann\u00e9es sur le num\u00e9rique-javais loccasion moi-m\u00eame de le voir physiquement en dautres temps, et qui b\u00e9n\u00e9ficie aussi avec Maurice de liens tr\u00e8s particuliers \u00e0 la fois avec lInde et le continent indien. Et nous devons r\u00e9ussir \u00e0 faire de la R\u00e9union ce hub num\u00e9rique dans la r\u00e9gion, en lien avec nos partenaires, avec les pays dAfrique australe, avec le sous-continent indien, et de r\u00e9ussir \u00e0 mettre toutes nos comp\u00e9tences, nos investissements dans ce lien qui est \u00e0 la fois, vous le voyez, \u00e9conomique et l\u00e0 aussi de souverainet\u00e9. Ce sujet de connectivit\u00e9, vous lavez compris, cest pour moi le premier pilier de la strat\u00e9gie \u00e9conomique que nous devons d\u00e9velopper dans la r\u00e9gion et les investisseurs, les entreprises que vous \u00eates, l\u00e9cosyst\u00e8me de la French Tech, que jai salu\u00e9 tout \u00e0 lheure et qui est ici pr\u00e9sent et vivace \u00e0 la R\u00e9union et dont on peut \u00eatre fier. Ce sont des entrepreneurs, jallais dire jeunes, mais de toute g\u00e9n\u00e9ration, mais qui, dans tous les secteurs, veulent faire rayonner le territoire de la R\u00e9union et ils r\u00e9ussissent. Mais ils ont \u00e9norm\u00e9ment \u00e0 faire avec Digital Africa. Je vois nos repr\u00e9sentants ici et ceux qui ont travaill\u00e9. Digital Africa cest un tr\u00e9sor quon a nous-m\u00eames d\u00e9velopp\u00e9, cest mettre en connexion des milliers de start up du num\u00e9rique en Afrique, leur apporter des financements, mais aussi des liens que ce soit Afrique francophone, anglophone et lusophone. Je le dis pour tous nos amis de la r\u00e9gion. Mais la French Tech de la R\u00e9union, son premier partenaire, je le dis tr\u00e8s sinc\u00e8rement, ce nest pas la French Tech Paris ou la French Tech Laval, cest la French Tech de Digital Africa. Cest la diaspora africaine qui est juste \u00e0 c\u00f4t\u00e9, o\u00f9 il y a des opportunit\u00e9s formidables, des acc\u00e8s aux march\u00e9s \u00e9normes. Et donc, cette strat\u00e9gie de connectivit\u00e9, elle est essentielle \u00e0 mes yeux. Deuxi\u00e8me pilier de cette strat\u00e9gie \u00e9conomique, ce volet \u00e9conomique, cest le d\u00e9veloppement durable, int\u00e9grant pleinement la dimension environnementale sur les \u00e9nergies, la ville durable, lagro \u00e9cologie. Je le disais, il y a un enjeu \u00e9nerg\u00e9tique formidable. Jai commenc\u00e9 \u00e0 l\u00e9voquer en parlant de la biodiversit\u00e9. Je vois le pr\u00e9sident de la CRE qui est avec nous et qui est engag\u00e9 sur le territoire. Cest l\u00e0 aussi un enjeu de connexion. Dabord pour s\u00e9curiser lapprovisionnement et le d\u00e9velopper \u00e0 la R\u00e9union, mais aussi d\u00e9velopper les r\u00e9seaux et les interconnexions dans toute la r\u00e9gion. Parce quon a la possibilit\u00e9, m\u00eame si on multiplie les \u00e9nergies intermittentes, si on fait de la connexion \u00e9nerg\u00e9tique, de r\u00e9duire les failles, de r\u00e9duire les ruptures, et davoir une vraie r\u00e9ponse. Et donc, avoir une strat\u00e9gie de r\u00e9seau \u00e9nerg\u00e9tique r\u00e9gional est absolument essentiel et doit faire partie de cet agenda Indopacifique et je souhaite quavec inaudible, il puisse y avoir un travail tout particulier qui soit fait autour du territoire de La R\u00e9union avec tous nos partenaires pour r\u00e9fl\u00e9chir \u00e0 ce point et avancer. Cest aussi d\u00e9velopper un agenda ambitieux sur les \u00e9nergies renouvelables. Il nous les faut d\u00e9velopper \u00e0 grande \u00e9chelle dans la r\u00e9gion parce que cest essentiel pour limiter les gaz \u00e0 effet de serre. Cela implique tr\u00e8s concr\u00e8tement, dagir ensemble pour lever les obstacles r\u00e9glementaires et financiers, concevoir des projets adapt\u00e9s aux sp\u00e9cificit\u00e9s locales, comme nous le faisons dans le cadre de lAlliance solaire internationale que j\u00e9voquais et aller plus vite. Je sais que cest votre volont\u00e9, cest aussi la n\u00f4tre. Et donc nous allons, pour ce qui est du territoire fran\u00e7ais, donner plus de pouvoirs localement pour d\u00e9bloquer des projets plus rapidement, \u00e0 la fois en termes de d\u00e9concentration et de simplification. Mais je souhaite aussi quon enclenche, au-del\u00e0 du solaire, une strat\u00e9gie v\u00e9ritablement compl\u00e8te. Et vous \u00eates l\u00e0 pour montrer que cest possible. La France a beaucoup \u00e0 apporter \u00e0 La R\u00e9union et dans tout le territoire. Elle compte de nombreuses entreprises pionni\u00e8res sur l\u00e9olien, le photovolta\u00efque, la g\u00e9othermie, les \u00e9nergies marines, la biomasse. Plusieurs groupes sont ici pr\u00e9sents. Je ne peux pas tous les citer, sinon je ferais des jaloux. Mais il y a Akuo, Albioma, des groupes mauriciens comme IBL qui sont aussi l\u00e0 et qui sont tr\u00e8s engag\u00e9s sur ces sujets. Donc, on a des champions dans la r\u00e9gion. Il faut maintenant les d\u00e9velopper, leur permettre dacc\u00e9l\u00e9rer. Et ce que je souhaite, cest que nous nous simplifions. Nous apportions les financements. Et quautour des projets, dont plusieurs ont \u00e9t\u00e9 mis en valeur cet apr\u00e8s-midi, quon puisse montrer que ces projets apportent des solutions adapt\u00e9es aux sp\u00e9cificit\u00e9s de la r\u00e9gion et quon puisse donc tr\u00e8s concr\u00e8tement, avec la plateforme AFD et avec les acteurs r\u00e9gionaux, en faciliter le d\u00e9ploiement. Je regarde les exemples qui ont \u00e9t\u00e9 offerts, les containers solaires dAkuo \u00c9nergie r\u00e9sistant aux zones cycloniques, qui permettent aujourdhui d\u00e9lectrifier des villages en Indon\u00e9sie, mais aussi des centrales combinant production d\u00e9nergie et agriculture ici \u00e0 La R\u00e9union. Cest un exemple de ce que linnovation sur nos territoires ultramarins apporte des solutions qui ne sont pas produites sur dautres territoires parce quelles r\u00e9pondent \u00e0 des d\u00e9fis, par exemple, qui sont ceux de zones cycloniques. Ce ne sont pas forc\u00e9ment les d\u00e9fis quon conna\u00eet \u00e0 10 000 kilom\u00e8tres. N\u00e9anmoins, ces cr\u00e9ations sont int\u00e9ressantes pour \u00e9norm\u00e9ment de pays de la r\u00e9gion qui ont les m\u00eames d\u00e9fis. Et donc, cest \u00e7a que nous devons ensemble r\u00e9ussir \u00e0 d\u00e9velopper et atteindre un march\u00e9 qui est \u00e0 l\u00e9chelle pour toutes ces entreprises et ces startups. Il nous faut aussi construire ensemble de v\u00e9ritables strat\u00e9gies bleues respectueuses des souverainet\u00e9s, des enjeux de protection de lenvironnement et de biodiversit\u00e9. Je lai \u00e9voqu\u00e9 tout \u00e0 lheure en parlant de la p\u00eache durable. Mais les fermes aquacoles, les centres de formations maritimes, il y a toute une strat\u00e9gie \u00e0 d\u00e9velopper. Nous avons une expertise solide, par exemple \u00e0 travers Ifremer, pr\u00e9sents \u00e0 La R\u00e9union et qui a vocation \u00e0 contribuer \u00e0 cela. Je souhaite quon puisse l\u00e0 aussi multiplier cet engagement. Et donc, vous le voyez sur ce deuxi\u00e8me axe, nous avons \u00e9norm\u00e9ment de m\u00e9tiers davenir en la mati\u00e8re, sur le plan de la production d\u00e9nergie, de ces r\u00e9seaux dans toute la r\u00e9gion, qui sont \u00e0 d\u00e9velopper, o\u00f9 il y a non seulement la possibilit\u00e9 davoir la cr\u00e9ation dune \u00e9lectricit\u00e9, dune \u00e9nergie \u00e0 basse \u00e9mission de CO2, mais \u00e9galement la cr\u00e9ation demplois sur nos territoires. Et je le redis pour tous nos concitoyens, cela participe aussi dune strat\u00e9gie de lutte contre la vie ch\u00e8re. Parce que quand on r\u00e9duit sa d\u00e9pendance \u00e9nerg\u00e9tique, quand on produit dans ces conditions, on produit moins cher et on baisse le co\u00fbt de l\u00e9lectricit\u00e9, le co\u00fbt de l\u00e9nergie. Ce qui est bon pour les entreprises est bien s\u00fbr quau final, ce qui est bon pour les particuliers quand ils ont \u00e0 se chauffer, dans certains cas, \u00e0 se d\u00e9placer. Cest \u00e7a la bonne r\u00e9ponse, la seule r\u00e9ponse durable. Nous devons aussi acc\u00e9l\u00e9rer \u00e9videmment les \u00e9changes r\u00e9gionaux sur la ville durable. Cest une des grandes forces de la France. Nous avons des champions. Le ministre de lEconomie le sait. Il les d\u00e9fend. Nous avons des formations. La ministre de lEmploi est l\u00e0 et vous la montr\u00e9. On a r\u00e9engag\u00e9 dans le territoire avec force notre programme dinvestissements dans les comp\u00e9tences. On doit d\u00e9multiplier nos offres de services dans la ville durable. La ville durable, cest un d\u00e9fi pour toute la r\u00e9gion. Cest un d\u00e9fi qui, parmi les plus grands en Afrique et tout particuli\u00e8rement dans cette r\u00e9gion dAfrique australe, cest un d\u00e9fi fondamental pour lInde, qui est de savoir g\u00e9rer la complexit\u00e9 urbaine. G\u00e9rer les d\u00e9chets, g\u00e9rer leau, g\u00e9rer les flux complexes, la mobilit\u00e9, la circulation et mettre lintelligence dans tout \u00e7a, prenez tous les secteurs que je viens de d\u00e9cliner, nous avons des champions. On a une offre \u00e9conomique et il y a des champions dans la r\u00e9gion. Il y a des grands groupes, il y a des startups. L\u00e0 aussi, nous avons une strat\u00e9gie r\u00e9gionale \u00e0 b\u00e2tir avec des champions africains indiens, \u00e0 faire \u00e9merger et des entreprises fran\u00e7aises, \u00e0 faire travailler en synergie avec leur \u00e9cosyst\u00e8me. A cet \u00e9gard, ce sujet sera au c\u0153ur du sommet Afrique-France de juin prochain \u00e0 Bordeaux. Ce sera la ville durable parce que je suis convaincu que cet agenda est un agenda davenir. Mais il r\u00e9concilie lui aussi lagenda \u00e9cologique et \u00e9conomique. Et je peux vous dire que quand on conna\u00eet les probl\u00e8mes de circulation et de complexit\u00e9 urbaine quil y a partout dans la r\u00e9gion, on sait quon a besoin de ces solutions et quon a besoin de r\u00e9investir et dacc\u00e9l\u00e9rer. Je noublie pas, \u00e9videmment, dans ce cadre, les enjeux agroalimentaires qui doivent occuper une place essentielle dans la strat\u00e9gie dint\u00e9gration r\u00e9gionale, comme le porte la Commission de lOc\u00e9an Indien avec notre soutien entier. Nous devons ensemble cr\u00e9er les conditions dune s\u00e9curit\u00e9 alimentaire, mieux diffuser les bonnes pratiques agricoles, promouvoir lagro\u00e9cologie, mieux structurer nos fili\u00e8res et d\u00e9velopper le commerce intrar\u00e9gional. Et \u00e7a, cest un d\u00e9fi pour La R\u00e9union et cest un d\u00e9fi pour tous les pays de la r\u00e9gion. Quest-ce que cela veut dire? Quil nous faut r\u00e9duire notre d\u00e9pendance alimentaire. Et l\u00e0 aussi, vous allez croire que cest une obsession parce que jai compris que c\u00e9tait une pr\u00e9occupation pour nos concitoyens et \u00e7a a cr\u00e9\u00e9 beaucoup de m\u00e9contentement ici. Quand les produits sont chers, cest peut-\u00eatre parce quaussi on nest pas oblig\u00e9 dimporter tant de produits depuis lHexagone. Cest fou. On nest peut-\u00eatre pas oblig\u00e9 de d\u00e9pendre des m\u00eames fili\u00e8res dimport-export quil y a tant et tant donn\u00e9, on peut d\u00e9cider dacc\u00e9l\u00e9rer sur la production locale, la cr\u00e9ation de fili\u00e8res \u00e0 La R\u00e9union et le d\u00e9veloppement de fili\u00e8res r\u00e9gionales beaucoup plus int\u00e9gr\u00e9es. Je crois \u00e0 cet agenda. L\u00e0 aussi, cest une r\u00e9ponse durable qui cr\u00e9e de lemploi et baisse les prix. Il ny a pas de fatalit\u00e9, juste de la volont\u00e9 collective. Quand il y a des situations de monopole ou doligopole, cest bon g\u00e9n\u00e9ralement pour quelques-uns. Les gens qui sont dans ces situations nont pas envie den bouger. On nest pas oblig\u00e9 collectivement den \u00eatre complice. Et elles ne se r\u00e8glent pas en mettant de la subvention publique. Elles se r\u00e8glent en mettant de linnovation, la cr\u00e9ation de la volont\u00e9, de lesprit dentreprise au sens g\u00e9n\u00e9rique du terme, la volont\u00e9 de changer les choses. Toute la r\u00e9gion en a besoin. Cest \u00e7a ce que je veux pour nous collectivement et je crois que nous avons la possibilit\u00e9, comme je lai \u00e9voqu\u00e9 pour la p\u00eache, sur le plan de lagriculture, davoir aussi un agenda dagriculture beaucoup plus intensif en main d\u0153uvre, inclusif et de d\u00e9velopper des vraies fili\u00e8res qui, l\u00e0 aussi b\u00e2tiront la souverainet\u00e9 alimentaire. La R\u00e9union a d\u00e9j\u00e0 des bons chiffres sur plusieurs fili\u00e8res, tr\u00e8s bons chiffres, plus que dautres territoires ultramarins, mais de continuer \u00e0 construire son autonomie alimentaire en m\u00eame temps que lautonomie \u00e9nerg\u00e9tique que j\u00e9voquais et daider les autres pays de la r\u00e9gion \u00e0 faire la m\u00eame chose et de multiplier ensuite les \u00e9changes. Mais pas de cr\u00e9er des d\u00e9pendances qui font augmenter les prix. L\u00e0-dessus, il y a aussi un agenda v\u00e9ritable. Nos territoires et ceux des pays riverains ont de forts potentiels dans ces domaines et notre int\u00e9gration pourra \u00eatre renforc\u00e9e par la force de grands groupes, dont certains sont pr\u00e9sents aujourdhui. UPL par exemple, g\u00e9ant mondial de lagrochimie dans tous les pays de la r\u00e9gion, qui peut permettre de d\u00e9velopper des strat\u00e9gies innovantes et plus \u00e9conomes l\u00e0 aussi, en utilisation dintrants. Il y a \u00e9norm\u00e9ment de solutions dagro\u00e9cologie qui sont port\u00e9es sur le territoire ici, qui se d\u00e9veloppent, et quil nous faut aider justement et porter \u00e0 l\u00e9chelle. Le dernier pilier sur lequel je voulais insister dans cette strat\u00e9gique \u00e0 laquelle je crois pour la r\u00e9gion sur le plan \u00e9conomique, cest le renforcement des \u00e9changes humains, touristiques, universitaires, scientifiques sans lesquels une strat\u00e9gie \u00e9conomique est au fond un moteur sans \u00e2me. L\u00e9conomie, ce sont des femmes et des hommes qui \u00e9changent, qui circulent, qui \u00e9changent des id\u00e9es, qui alimentent un agenda commun, partagent justement les choses. Nous devons construire ensemble des strat\u00e9gies de tourisme durable parce que l\u00e0 aussi, cest un d\u00e9fi commun dans la r\u00e9gion o\u00f9 le tourisme est pour beaucoup d\u00e9conomie de la zone, et La R\u00e9union, \u00f4 combien lune des principales ressources. Et donc cet agenda touristique, cest un agenda de construction et de services essentiels, on le sait bien. Et je le dis ici parce quil doit, derri\u00e8re, \u00eatre un porte-\u00e9tendard, mais nous avons un vrai d\u00e9fi pour ce qui est du secteur de la construction et de la capacit\u00e9 \u00e0 embarquer tout notre artisanat. Je salue la pr\u00e9sence aussi de nos petites entreprises ici pr\u00e9sentes. Je vois le pr\u00e9sident Inaudible \u00e0 qui a lamiti\u00e9 de venir et de se d\u00e9placer sur le territoire et il sait \u00f4 combien nos entreprises petites et moyennes sont des acteurs essentiels de ces secteurs, le tourisme, mais aussi les secteurs industriels qui vont avec, les secteurs de la construction, du b\u00e2timent qui sont tir\u00e9es par cette \u00e9conomie, ces \u00e9conomies. Et donc, quand je parle de tout cela, je parle \u00e9videmment de la capacit\u00e9 \u00e0 cr\u00e9er et d\u00e9velopper des entreprises quon dit petites ou de taille moyenne, mais qui ne cherchent qu\u00e0 se d\u00e9velopper et qui sont dans la r\u00e9gion de tr\u00e8s loin les plus intensives en emploi et les plus cr\u00e9atrices demplois. Et donc cet agenda d\u00e9changes et cet agenda pour le tourisme durable, cest un agenda pour nos PME. Cest un agenda de construction commun, justement de croissance. Alors, pour y r\u00e9pondre, je crois que ce quil nous faut, cest b\u00e2tir une strat\u00e9gie tr\u00e8s claire. Et je veux saluer ici le lancement du plan tourisme conclu entre lEtat et la r\u00e9gion R\u00e9union cet apr\u00e8s-midi, qui permet justement dacter cette volont\u00e9 partag\u00e9e, une expertise tr\u00e8s forte pour faire de La R\u00e9union un p\u00f4le v\u00e9ritablement dexpertise, dexcellence et de coop\u00e9ration dans toute la r\u00e9gion. On sait lexcellence de Maurice, qui est vraiment un exemple dans la r\u00e9gion. La R\u00e9union a cette carte \u00e0 jouer \u00e0 plein. Vous avez d\u00e9cid\u00e9 de la prendre avec force et je souhaite quon soit Inaudible \u00e0 plein derri\u00e8re vous. Jallais dire \u00e0 fond, mais je lassume, \u00e0 plein derri\u00e8re vous pour justement aider \u00e0 la modernisation des infrastructures, \u00e0 lexcellence de loffre touristique, mais \u00e0 lexcellence aussi dune offre touristique durable, cest-\u00e0-dire qui r\u00e9ponde \u00e0 lagenda climatique que j\u00e9voquais, qui r\u00e9ponde aux souhaits aussi des touristes daujourdhui et demain, qui r\u00e9ponde aux propres objectifs que nous nous assignons en la mati\u00e8re. Et je souhaite que nous ayons tous les pays de la r\u00e9gion \u00e0 sinscrire dans cet agenda. Ils ont le m\u00eame, et la volont\u00e9 de le d\u00e9velopper avec la m\u00eame force. LAgenda touristique et tourisme durable, est donc, comme vous lavez compris, est essentiel pour nos entreprises, pour la cr\u00e9ation demplois et pour les \u00e9changes humains. Dans le m\u00eame cadre, \u00e9videmment, jinscris nos partenariats scientifiques et universitaires r\u00e9gionaux pour que nos jeunes se connaissent mieux, b\u00e9n\u00e9ficie pleinement de cet ancrage r\u00e9gional, qui est un tr\u00e9sor v\u00e9ritable de d\u00e9couverte et de dynamisme. Et cest d\u00e9j\u00e0 le cas, mais parfois de mani\u00e8re trop unilat\u00e9rale et encore de mani\u00e8re trop limit\u00e9e. Mais je regardais les chiffres en vous rejoignant. Il y a 4300 \u00e9tudiants malgaches qui \u00e9tudient en France, 4300. Soixante-dix pour cent dentre eux sont \u00e0 la R\u00e9union 70. Et donc nous devons aller plus loin dans ces \u00e9changes et d\u00e9velopper justement ces offres universitaires partag\u00e9es, ces programmes partag\u00e9s. Cest aussi pourquoi nous allons lancer un Erasmus de lOc\u00e9an Indien pour aider \u00e0 la circulation de ces talents, quil sagisse dailleurs des apprentis chers \u00e0 la ministre du Travail, et aider justement dans toutes ces fili\u00e8res pour nos PME qui en ont tant besoin, les \u00e9changes et la circulation des talents et aussi la capacit\u00e9 pour nos jeunes \u00e0 acqu\u00e9rir les talents linguistiques. Nos jeunes R\u00e9unionnais, cest tr\u00e8s bien quils aillent acqu\u00e9rir des comp\u00e9tences en portugais ou en anglais dont on a besoin dans la r\u00e9gion en circulant, en allant faire des programmes d\u00e9change, et que nos voisins fassent la m\u00eame chose en venant chez nous. A partir de cet archipel de France, nous pouvons b\u00e2tir ensemble un archipel des savoirs, des comp\u00e9tences, mais aussi de la science. Et lagenda de coop\u00e9ration scientifique, est pour moi essentielle. Tout \u00e0 lheure, nous avons d\u00e9cid\u00e9 dinstaller au sein des \u00eeles \u00c9parses, \u00e0 Grande Glorieuse, un nouveau centre scientifique permanent pour poursuivre cet agenda justement de biodiversit\u00e9. Je souhaite quil soit fait l\u00e0 aussi, en partenariat tout particuli\u00e8rement avec nos amis malgaches, et quon partage cet agenda de biodiversit\u00e9 ensemble, de comp\u00e9tences, dexpertise. Au fond, nous pouvons faire de lOc\u00e9an Indien cette pr\u00e9sence partag\u00e9e dun archipel des Lumi\u00e8res. Cest \u00e0 dire de la circulation, des talents, des savoirs, des comp\u00e9tences tous ensemble. Voil\u00e0 les quelques convictions que je voulais partager, mesdames, messieurs, vous \u00eates les acteurs de cela, au premier chef. Mais pour cela, javais besoin aussi de vous donner la strat\u00e9gie que je poursuis. Comment je demande au gouvernement de travailler, comment je demande \u00e0 nos op\u00e9rateurs de faire, et comment je souhaite coop\u00e9rer avec tous les pays de la r\u00e9gion ici pr\u00e9sents. Cette strat\u00e9gie sinscrira, elle sera en quelque sorte b\u00e2tie, autour de la pr\u00e9sence fran\u00e7aise dans la r\u00e9gion. Elle ne doit pas \u00eatre b\u00e2tie, construit, pens\u00e9, d\u00e9velopper depuis Paris. Je le dis tr\u00e8s clairement, cest ici quelle doit se faire, et cest ici quen est l\u00e9picentre. Et donc les comp\u00e9tences et talents, quil a larticule et la d\u00e9cline, doivent \u00eatre ici, dans la r\u00e9gion. A lappui de ses priorit\u00e9s, je veux aussi que nous puissions proposer une autre m\u00e9thode. Tout dabord en travaillant dans les diff\u00e9rents formats dint\u00e9gration r\u00e9gionale. La France est membre fondateur de la Commission de lOc\u00e9an Indien, qui nous r\u00e9unit avec 4 pays membres de lUnion africaine. Notre pr\u00e9sidence, lan prochain, que jai d\u00e9j\u00e0 \u00e9voqu\u00e9e, sera un temps fort de cette mise en \u0153uvre. Et nous relan\u00e7ons aujourdhui notre candidature \u00e0 lorganisation de bassins, lassociation des Etats riverains de lOc\u00e9an Indien, o\u00f9 nous ne sommes que membres observateurs, et qui regroupe 22 Etats riverains de lOc\u00e9an Indien. Jappelle nos partenaires de la r\u00e9gion \u00e0 nous soutenir, parce que les axes de cette organisation sont pleinement coh\u00e9rents avec ceux que nous portons au sein de la Commission de lOc\u00e9an Indien, o\u00f9 la plus-value de la pr\u00e9sence fran\u00e7aise est, je crois, reconnue, et donc, nous souhaitons pleinement les d\u00e9velopper en cette enceinte. Nous mobiliserons aussi lUnion europ\u00e9enne, qui est dores et d\u00e9j\u00e0 tr\u00e8s investie dans la zone, mais qui doit y b\u00e2tir avec nous, avec lensemble de nos partenaires, une v\u00e9ritable strat\u00e9gie politique, \u00e9conomique et environnementale. Sur la base de ces formats, nous prendrons linitiative pour construire des forums \u00e9conomiques r\u00e9gionaux r\u00e9guliers. A linstar de celui qui a \u00e9t\u00e9 organis\u00e9 aujourdhui-et je veux vraiment remercier les organisateurs et tous les participants-parce que ce Choose La R\u00e9union est une premi\u00e8re. Il est un succ\u00e8s gr\u00e2ce \u00e0 celles et ceux qui lont organis\u00e9, gr\u00e2ce \u00e0 votre pr\u00e9sence, et au fait que vous \u00eates en train de d\u00e9montrer que cest une r\u00e9alit\u00e9, avec \u00e9norm\u00e9ment de potentiel, cette r\u00e9gion. Et donc, nous allons b\u00e2tir ainsi des forums successifs, pour cr\u00e9er de v\u00e9ritables clubs de chefs dentreprise de lIndopacifique, en lien avec les formats qui r\u00e9unissent d\u00e9j\u00e0 les entrepreneurs de lOc\u00e9an Indien. Pour cr\u00e9er aussi des habitudes, pour permettre que des histoires communes se d\u00e9veloppent, et je veux saluer en particulier la mobilisation de plusieurs dentre vous. Evidemment, jai cit\u00e9 tout l\u00e9cosyst\u00e8me d\u00e9j\u00e0, et la French Tech ici, beaucoup dentreprises et de PME r\u00e9unionnaises, comme de grands groupes, mais je veux aussi saluer la pr\u00e9sence et la mobilisation dune douzaine de PDG indiens, venus sp\u00e9cifiquement \u00e0 La R\u00e9union aujourdhui, avec \u00e0 leur t\u00eate le pr\u00e9sident de la Conf\u00e9d\u00e9ration industrielle indienne, Vikram KIRLOSKAR, justement pour nouer ce dialogue. La pr\u00e9sence de ces grandes compagnies, la pr\u00e9sence de plusieurs chefs dEtat africains de la r\u00e9gion est la trace, la marque que cet agenda a une existence et une force. Une rencontre de dialogue de parents et amis denfants homosexuels France 3 Champagne-Ardenne Bonjour, ne sortant rarement chez moi jaimerais me faire des amis femmes ou hommes en esp\u00e9rant faire de belle rencontres et li\u00e9 une belle et sinc\u00e8re amiti\u00e9e. A bient\u00f4t .<\/p>\n","protected":false},"excerpt":{"rendered":"<p>rencontre amis reunion<\/p>\n","protected":false},"author":1,"featured_media":0,"comment_status":"closed","ping_status":"closed","sticky":false,"template":"","format":"standard","meta":{"footnotes":""},"categories":[1],"tags":[],"_links":{"self":[{"href":"https:\/\/dig-stuttgart.de\/info\/wp-json\/wp\/v2\/posts\/8203"}],"collection":[{"href":"https:\/\/dig-stuttgart.de\/info\/wp-json\/wp\/v2\/posts"}],"about":[{"href":"https:\/\/dig-stuttgart.de\/info\/wp-json\/wp\/v2\/types\/post"}],"author":[{"embeddable":true,"href":"https:\/\/dig-stuttgart.de\/info\/wp-json\/wp\/v2\/users\/1"}],"replies":[{"embeddable":true,"href":"https:\/\/dig-stuttgart.de\/info\/wp-json\/wp\/v2\/comments?post=8203"}],"version-history":[{"count":1,"href":"https:\/\/dig-stuttgart.de\/info\/wp-json\/wp\/v2\/posts\/8203\/revisions"}],"predecessor-version":[{"id":8204,"href":"https:\/\/dig-stuttgart.de\/info\/wp-json\/wp\/v2\/posts\/8203\/revisions\/8204"}],"wp:attachment":[{"href":"https:\/\/dig-stuttgart.de\/info\/wp-json\/wp\/v2\/media?parent=8203"}],"wp:term":[{"taxonomy":"category","embeddable":true,"href":"https:\/\/dig-stuttgart.de\/info\/wp-json\/wp\/v2\/categories?post=8203"},{"taxonomy":"post_tag","embeddable":true,"href":"https:\/\/dig-stuttgart.de\/info\/wp-json\/wp\/v2\/tags?post=8203"}],"curies":[{"name":"wp","href":"https:\/\/api.w.org\/{rel}","templated":true}]}}