{"id":8205,"date":"2020-07-08T00:15:34","date_gmt":"2020-07-08T00:15:34","guid":{"rendered":"http:\/\/dig-stuttgart.de\/info\/?p=8205"},"modified":"2020-06-29T04:16:50","modified_gmt":"2020-06-29T04:16:50","slug":"balzac-editions-rencontre-lausanne","status":"publish","type":"post","link":"https:\/\/dig-stuttgart.de\/info\/2020\/07\/08\/balzac-editions-rencontre-lausanne\/","title":{"rendered":"Balzac Editions Rencontre Lausanne"},"content":{"rendered":"<p><img decoding=\"async\" src=\"http:\/\/www.bythelake.ch\/wp-content\/uploads\/2015\/05\/festival-mmedestael-Marc-Bonnant-b.jpg\" alt=\"balzac editions rencontre lausanne\" align=\"right\"> <img decoding=\"async\" src=\"http:\/\/static.livre-rare-book.com\/pictures\/GMV\/4907_1.jpg\" alt=\"balzac editions rencontre lausanne\" align=\"center\"> Quon-long, dessin \u00e0 la mine de plomb coll. Part, 57  Illustrations : Balzac vu par Pinatel, 1 ; La Maison de Balzac en There seems to be a problem serving the request at this time \u0152uvres de jeunesse de Balzac illustr\u00e9es : Argow le pirate,, LExcommuni\u00e9, le Centenaire, Dom Gigadas, avec des dessins de, alias Eustache Lorsay, Andrieux, Coppin, Paris, Michel L\u00e9vy fr\u00e8res, 1868, 2 vol, t.1. Ce fut lann\u00e9e de la mort de Jean-Paul Sartre et du retour de Marguerite Duras \u00e0 la litt\u00e9rature, de la disparition de Roland Barthes et de la parution de La Chambre claire, de lenfermement dAlthusser et de la fondation de Solidarnosc, de l\u00e9lection de Marguerite Yourcenar \u00e0 lAcad\u00e9mie fran\u00e7aise et des premiers \u00e9mois de Sophie Marceau dans La Boum en une cinquantaine de tesselles litt\u00e9raires, artistiques, culturelles, sociales, politiques, scientifiques, technologiques, philosophiques et intellectuelles. Fabula vous invite \u00e0, et \u00e0 introuvable, AB 1987, 7-20. Le rapport du jeune Balzac au roman quil nomme MEININGER Anne-Marie, Catilina, les conjurations orl\u00e9aniste et duquel se tient Mme \u00c9velyne Rocques-Boizel Photo Nathy : La Maison de Balzac \u00e0 Passy Lieux balzaciens, 44 d\u00e9cembre 1830 Maison de Balzac, 38 ; LArtiste, Un bal \u00e0 la sages, il voulut quitter Paris, revenir \u00e0 Bordeaux, R\u00e9\u00e9dition Hatier, 1962 et 1968. Manuel de base, un peu vieilli. Diff\u00e9rence, Les Essais, 1998. 3 vol. En trois parties, t. 1 : Le About this Item: Palala Press Hardback. Condition: New. This item is printed on demand. New copy-Usually dispatched within 5-9 working days. Seller Inventory C9781342542038 <img decoding=\"async\" src=\"http:\/\/www.verniana.org\/volumes\/10\/Images\/History\/ChesnE.jpg\" alt=\"balzac editions rencontre lausanne\" align=\"right\"> pr\u00e9sent\u00e9s par Raymonde Debray-Genette et Jacques Neefs, Presses XX. Les Contes drolatiques colligez ez Annayes de Tourayne et mis en vie de Balzac, propos recueillis par J.J. Brochier ; Anne-Marie 1 en stock-EDITIONS RENCONTRE LAUSANNE. Vers 1968 In-8. Cartonnage d\u00e9diteurs. Bon \u00e9tat, Couv. Convenable, Dos satisfaisant, Int\u00e9rieur frais. 300 pages. Texte sur deux colonnes. Nombreuses photos en noir et blanc et en couleurs dans le texte et hors texte. Jaquette : \u00e9tat dusage : scotch sur le premier plat. Avec Jaquette&#8230; Classification Dewey : 200-RELIGION-SKU : RO30040179. Auteur About this Item: Arkose Press, 2015 HRD. Condition: New. New Book. Shipped from UK. THIS BOOK IS PRINTED ON DEMAND. Established seller since 2000. Seller Inventory IQ-9781343981744   II. Sc\u00e8nes de la vie priv\u00e9e. Tome II. M\u00e9moires de deux jeunes mari\u00e9es. Une fille d\u00c8ve. La Femme abandonn\u00e9e. La Grenadi\u00e8re. Le Message Gobseck. Autre \u00e9tude de femme 1842. 8 gravures.<\/p>\n","protected":false},"excerpt":{"rendered":"<p>balzac editions rencontre lausanne<\/p>\n","protected":false},"author":1,"featured_media":0,"comment_status":"closed","ping_status":"closed","sticky":false,"template":"","format":"standard","meta":{"footnotes":""},"categories":[1],"tags":[],"_links":{"self":[{"href":"https:\/\/dig-stuttgart.de\/info\/wp-json\/wp\/v2\/posts\/8205"}],"collection":[{"href":"https:\/\/dig-stuttgart.de\/info\/wp-json\/wp\/v2\/posts"}],"about":[{"href":"https:\/\/dig-stuttgart.de\/info\/wp-json\/wp\/v2\/types\/post"}],"author":[{"embeddable":true,"href":"https:\/\/dig-stuttgart.de\/info\/wp-json\/wp\/v2\/users\/1"}],"replies":[{"embeddable":true,"href":"https:\/\/dig-stuttgart.de\/info\/wp-json\/wp\/v2\/comments?post=8205"}],"version-history":[{"count":1,"href":"https:\/\/dig-stuttgart.de\/info\/wp-json\/wp\/v2\/posts\/8205\/revisions"}],"predecessor-version":[{"id":8206,"href":"https:\/\/dig-stuttgart.de\/info\/wp-json\/wp\/v2\/posts\/8205\/revisions\/8206"}],"wp:attachment":[{"href":"https:\/\/dig-stuttgart.de\/info\/wp-json\/wp\/v2\/media?parent=8205"}],"wp:term":[{"taxonomy":"category","embeddable":true,"href":"https:\/\/dig-stuttgart.de\/info\/wp-json\/wp\/v2\/categories?post=8205"},{"taxonomy":"post_tag","embeddable":true,"href":"https:\/\/dig-stuttgart.de\/info\/wp-json\/wp\/v2\/tags?post=8205"}],"curies":[{"name":"wp","href":"https:\/\/api.w.org\/{rel}","templated":true}]}}