{"id":8237,"date":"2020-07-08T14:06:35","date_gmt":"2020-07-08T14:06:35","guid":{"rendered":"http:\/\/dig-stuttgart.de\/info\/?p=8237"},"modified":"2020-06-29T05:06:38","modified_gmt":"2020-06-29T05:06:38","slug":"prostituee-wavre","status":"publish","type":"post","link":"https:\/\/dig-stuttgart.de\/info\/2020\/07\/08\/prostituee-wavre\/","title":{"rendered":"Prostitu\u00e9e Wavre"},"content":{"rendered":"<p>Ex\u00e9cution pr\u00e9vue \u00e0 Renaix. Graci\u00e9s le 12 mai 1849. Faire en sorte que notre site web reste gratuit en vous montrant \u00e9galement des publicit\u00e9s, Hello Dear Gentlemen, thank you for taking a moment to look at my profile, and please let me make a short introduction about myself: Classy and sexy at the same time, I will ensure all your needs are met. Nothing is more important to me than making sure our experience is very sensual, naughty and memorable. You want to relax no stress no hurry and enjoy a good time? Call me or text me to set an appointment. Here only for few days. I am very clean, respectful and refined and would accept nothing less in return. I will treat you as I expect to be treated-with honesty, respect and D\u00e9j\u00e0 53 condamnations ant\u00e9rieures. A Nazareth, tue dun coup de couteau Goeminne, avec lequel il venait de se f\u00e2cher dans un cabaret. LE REGISTRE NINDIQUE QUE DEUX CONDAMNES A GAND CETTE ANNEE LA : VERIFIER CASSATION. Chambre confortable, \u00e0 la d\u00e9coration simple et raffin\u00e9e.La chambre dispose dun lit double, \u00e9cran TV.. La Prostitution \u00e9tudiante \u00e0 lheure des nouvelles technologies de communication Eva Clouet <img decoding=\"async\" src=\"http:\/\/www.carrefour.com\/sites\/default\/files\/actforfood_1.jpg\" alt=\"prostitu\u00e9e wavre\" align=\"right\">  Si vous avez des questions ou des remarques, veuillez nous contacter \u00e0 privacydpgmedia.be Vols avec circonstances aggravantes et incendies. Pierre-Fran\u00e7ois Lansloot et Pierre De Brabander sont acquitt\u00e9s. Conclusiones del Consejo de Juego Responsable del 27 de Marzo Asejer. Asociaci\u00f3n Sevillana de Jugadores de Azar en Rehabilitaci\u00f3n. Ayuda problemas con el juego Sevilla. Ayuda ludopat\u00edas Sevilla. Ayuda adicci\u00f3n al juego en Sevilla hey! I am Alice 21 years old and new in the region! I am a young woman full of energy. I like to give pleasure and to receive it too. I like role playing and I have lots of different outfits. If you want to have fun and forget the routine come and play with me : I am available in private but also on the road at the hotel or at home! do not hesitate! contact me! 38 ans, cultivateur. Le 13 mars 1858, \u00e0 Leuvrong\u00e9, incendie sa maison, appartenant \u00e0 son \u00e9pouse Claire, et assur\u00e9e au-dessus de sa valeur r\u00e9elle par la compagnie dassurances La France pour 4.000 francs Graci\u00e9s. Dubuisson est lib\u00e9r\u00e9 en 2005 et parti en Espagne. Bongiorno b\u00e9n\u00e9ficie dune lib\u00e9ration conditionnelle en f\u00e9vrier 2006 M. Lacroix d\u00e9fendit un de ses subordonn\u00e9s accus\u00e9 de palper une commission de dix pour cent sur la r\u00e9cup\u00e9ration des sommes dargent aupr\u00e8s de clients qui avaient sign\u00e9 des ch\u00e8ques non approvisionn\u00e9s. Le magistrat instructeur le suspendit pendant huit jours, le temps que la PJ m\u00e8ne lenqu\u00eate qui se r\u00e9v\u00e9la n\u00e9gative pour ce gendarme toujours en activit\u00e9.  Jean-Baptiste de Fresnes et Charles-Louis Ghyselinck 17 ans, domestique. A Ledeberg, assassine la veuve Foret, 68 ans, jardini\u00e8re, pour la voler  <img decoding=\"async\" src=\"http:\/\/cdn2_3.reseaudesvilles.fr\/cities\/116\/images\/zslomek1hjbxt26.jpg\" alt=\"prostitu\u00e9e wavre\" align=\"right\"> 22 ans. Double assassinat accompagn\u00e9 de vol perp\u00e9tr\u00e9 sur Barbe et Antoinette Massar le 07 avril 1862 \u00e0 Oplinter.-Dans tous les endroits que je fr\u00e9quentais au plan professionnel, on me trouvait plut\u00f4t sympa aussi longtemps que je nintervenais pas de mani\u00e8re r\u00e9pressive. Jessayais de r\u00e9colter des informations qui n\u00e9taient g\u00e9n\u00e9ralement pas donn\u00e9es de mani\u00e8re d\u00e9sint\u00e9ress\u00e9e. Entendez par l\u00e0 que les responsables de bars esp\u00e9raient un traitement de faveur M. Marchese fut en quelque sorte une esp\u00e8ce de collaborateur. 20 ans. Deux assassinats. Hubert Pirard est condamn\u00e9 aux travaux forc\u00e9s \u00e0 perp\u00e9tuit\u00e9. Domestique de ferme. Le 05 d\u00e9cembre 1886, \u00e0 Fexhe-Slins, assassine Anne Defize, fermi\u00e8re. 28 ans, ouvrier ma\u00e7on. Le 02 novembre 1900, \u00e0 Courtrai, assassine \u00e0 coups de marteau de ma\u00e7on son oncle, Henri Parmentier, 71 ans, pour lui voler une montre en or et 660 francs. Em\u00e9rence Cottenie, compagnie de Verstraete, est acquitt\u00e9e. <img decoding=\"async\" src=\"http:\/\/www.work.typescriptmobile.org\/templates\/dd_fashionline_51\/images\/slideshow\/2.jpg\" alt=\"prostitu\u00e9e wavre\" align=\"center\">.<\/p>\n","protected":false},"excerpt":{"rendered":"<p>prostitu\u00e9e wavre<\/p>\n","protected":false},"author":1,"featured_media":0,"comment_status":"closed","ping_status":"closed","sticky":false,"template":"","format":"standard","meta":{"footnotes":""},"categories":[1],"tags":[],"_links":{"self":[{"href":"https:\/\/dig-stuttgart.de\/info\/wp-json\/wp\/v2\/posts\/8237"}],"collection":[{"href":"https:\/\/dig-stuttgart.de\/info\/wp-json\/wp\/v2\/posts"}],"about":[{"href":"https:\/\/dig-stuttgart.de\/info\/wp-json\/wp\/v2\/types\/post"}],"author":[{"embeddable":true,"href":"https:\/\/dig-stuttgart.de\/info\/wp-json\/wp\/v2\/users\/1"}],"replies":[{"embeddable":true,"href":"https:\/\/dig-stuttgart.de\/info\/wp-json\/wp\/v2\/comments?post=8237"}],"version-history":[{"count":1,"href":"https:\/\/dig-stuttgart.de\/info\/wp-json\/wp\/v2\/posts\/8237\/revisions"}],"predecessor-version":[{"id":8238,"href":"https:\/\/dig-stuttgart.de\/info\/wp-json\/wp\/v2\/posts\/8237\/revisions\/8238"}],"wp:attachment":[{"href":"https:\/\/dig-stuttgart.de\/info\/wp-json\/wp\/v2\/media?parent=8237"}],"wp:term":[{"taxonomy":"category","embeddable":true,"href":"https:\/\/dig-stuttgart.de\/info\/wp-json\/wp\/v2\/categories?post=8237"},{"taxonomy":"post_tag","embeddable":true,"href":"https:\/\/dig-stuttgart.de\/info\/wp-json\/wp\/v2\/tags?post=8237"}],"curies":[{"name":"wp","href":"https:\/\/api.w.org\/{rel}","templated":true}]}}