{"id":8239,"date":"2020-07-08T03:49:48","date_gmt":"2020-07-08T03:49:48","guid":{"rendered":"http:\/\/dig-stuttgart.de\/info\/?p=8239"},"modified":"2020-06-29T05:13:02","modified_gmt":"2020-06-29T05:13:02","slug":"rencontre-spatiale","status":"publish","type":"post","link":"https:\/\/dig-stuttgart.de\/info\/2020\/07\/08\/rencontre-spatiale\/","title":{"rendered":"Rencontre Spatiale"},"content":{"rendered":"<p> Unique, cet \u00e9v\u00e9nement a pour but de favoriser la valorisation des activit\u00e9s spatiales, linnovation, la cr\u00e9ation de nouveaux clubs, de nouveaux projets, les rencontres \u00e9tudiantsindustriels et acteurs du domaine. <img decoding=\"async\" src=\"http:\/\/f4bpp.raidghost.com\/photo\/gal_259\/vgnt\/02.jpg\" alt=\"rencontre spatiale\" align=\"center\">   Vous pouvez lire Le Monde sur un seul appareil \u00e0 la fois Continuer \u00e0 lire ici <img decoding=\"async\" src=\"http:\/\/rampok.org\/img\/530b0cabb12e224f2aa5cd2af7c8e5c8.jpg\" alt=\"rencontre spatiale\" align=\"right\"> Rencontre avec deux IPSAliens, cofondateurs de la premi\u00e8re entreprise spatiale priv\u00e9e de Ta\u00efwan Actualit\u00e9s des \u00e9coles du Groupe IONIS Fr\u00e9d\u00e9ric Audard courriel : frederic dot audard at univ-provence dot fr Saisissez les caract\u00e8res que vous voyez ci-dessous Podcast : Rencontre avec Michel Capderou, physicien du climat et chercheur en m\u00e9canique spatiale Rencontre avec des professionnels de la conqu\u00eate spatiale \u00e0 Limeil-Br\u00e9vanes Avec des tables rondes, conf\u00e9rences et ateliers, Les Rencontres nationales Tourisme Spatial, les 27 et 28 mai 2019 \u00e0 lEspace Encan de La Rochelle. Rencontre Sciences Po Bordeaux-Maison de lAquitaine sur le th\u00e8me Merci! Votre commentaire sera v\u00e9rifi\u00e9 par un mod\u00e9rateur afin de v\u00e9rifier sa conformit\u00e9 aux r\u00e8gles de publication des commentaires Les Rencontres de Technologies Spatiales RTS ont pour but de pr\u00e9senter les \u00e9tudes men\u00e9es dans le cadre du programme de RT des Syst\u00e8mes Orbitaux du CNES en Frank OBrien,, sur Apollo flight journal,, 1995-2017 consult\u00e9 le 28 avril 2018 LUSINENOUVELLE.com, leader de linformation professionnelle B2B vous propose de d\u00e9couvrir lactualit\u00e9 \u00e9conomique et industrielle des secteurs automobile, a\u00e9ronautique, btp, d\u00e9fense, \u00e9nergie et d\u00e9veloppement durable, m\u00e9tallurgie, t\u00e9l\u00e9coms et des nouvelles technologies. Apollo-Soyouz souvent abr\u00e9g\u00e9 en ASTP pour Apollo-Soyouz Test Project est en la premi\u00e8re mission spatiale conjointe entre l et les apr\u00e8s quils se soient affront\u00e9s pendant des ann\u00e9es dans une v\u00e9ritable, dont la Lune constituait le principal symbole. Le groupe des Italiens en bleu ayant particip\u00e9 \u00e0 la r\u00e9ussite des communications avec lISS lors de ces contacts. KLM Guide de voyage-Une rencontre privil\u00e9gi\u00e9e avec lespace Alain Souchier, ing\u00e9nieur, pr\u00e9sident de lassociation Plan\u00e8te Mars, commandant des missions de simulation martiennes MDRS 7 et 43 On peut regretter cette \u00e9poque car Verne comme Flammarion, Moreux, de Graffigny, et Rudaux un peu plus tard, savaient allier science et, science et po\u00e9sie, science et contemplation. Toute l\u00e9quipe de la Fondation tient \u00e0 remercier le CNES pour son accueil dans ses locaux \u00e0 Toulouse, et en particulier Marc Pircher E 1976-Docteur S 1980, Fabienne Duclos E1986 et Fran\u00e7ois Dubourg S1988 qui ont particip\u00e9 \u00e0 lanimation de cette r\u00e9union dinformation lundi aux c\u00f4t\u00e9s dOlivier Lesbre, Caroline B\u00e9rard, Didier Delorme et Jean-Louis Marc\u00e9, ancien Directeur du Centre Spatial Guyanais du CNES. Merci \u00e9galement aux 50 anciens \u00e9l\u00e8ves de lISAE-SUPAERO-ENSICA qui ont t\u00e9moign\u00e9 par leur pr\u00e9sence de lint\u00e9r\u00eat quils portent \u00e0 lEcole, et aux trois \u00e9tudiants de lISAE pr\u00e9sents \u00e0 cette occasion. De 260 dipl\u00f4m\u00e9s travaillent au CNES En pr\u00e9sence de Marie Koch Vladimir Demoule, commissaires dexposition en r\u00e9sidence et de Marie-Julie Bourgeois, artiste en r\u00e9sidence de cr\u00e9ation multim\u00e9dia en 2019 \u00e0 la Maison populaire. <img decoding=\"async\" src=\"http:\/\/resize.over-blog.com\/1020x765.jpg?http:\/\/idata.over-blog.com\/1\/94\/09\/51\/expo-conference-autre\/1er-rencontre-spatiale-st-maximin\/photo.jpg\" alt=\"rencontre spatiale\" align=\"right\"> MARS PERSEVERANCE ROVER DANS LE PHSF AU KENNEDY SPACE CENTER.<\/p>\n","protected":false},"excerpt":{"rendered":"<p>rencontre spatiale<\/p>\n","protected":false},"author":1,"featured_media":0,"comment_status":"closed","ping_status":"closed","sticky":false,"template":"","format":"standard","meta":{"footnotes":""},"categories":[1],"tags":[],"_links":{"self":[{"href":"https:\/\/dig-stuttgart.de\/info\/wp-json\/wp\/v2\/posts\/8239"}],"collection":[{"href":"https:\/\/dig-stuttgart.de\/info\/wp-json\/wp\/v2\/posts"}],"about":[{"href":"https:\/\/dig-stuttgart.de\/info\/wp-json\/wp\/v2\/types\/post"}],"author":[{"embeddable":true,"href":"https:\/\/dig-stuttgart.de\/info\/wp-json\/wp\/v2\/users\/1"}],"replies":[{"embeddable":true,"href":"https:\/\/dig-stuttgart.de\/info\/wp-json\/wp\/v2\/comments?post=8239"}],"version-history":[{"count":1,"href":"https:\/\/dig-stuttgart.de\/info\/wp-json\/wp\/v2\/posts\/8239\/revisions"}],"predecessor-version":[{"id":8240,"href":"https:\/\/dig-stuttgart.de\/info\/wp-json\/wp\/v2\/posts\/8239\/revisions\/8240"}],"wp:attachment":[{"href":"https:\/\/dig-stuttgart.de\/info\/wp-json\/wp\/v2\/media?parent=8239"}],"wp:term":[{"taxonomy":"category","embeddable":true,"href":"https:\/\/dig-stuttgart.de\/info\/wp-json\/wp\/v2\/categories?post=8239"},{"taxonomy":"post_tag","embeddable":true,"href":"https:\/\/dig-stuttgart.de\/info\/wp-json\/wp\/v2\/tags?post=8239"}],"curies":[{"name":"wp","href":"https:\/\/api.w.org\/{rel}","templated":true}]}}