{"id":8303,"date":"2020-07-08T08:28:48","date_gmt":"2020-07-08T08:28:48","guid":{"rendered":"http:\/\/dig-stuttgart.de\/info\/?p=8303"},"modified":"2020-06-29T07:07:41","modified_gmt":"2020-06-29T07:07:41","slug":"rencontre-choregraphique-2013-aurillac","status":"publish","type":"post","link":"https:\/\/dig-stuttgart.de\/info\/2020\/07\/08\/rencontre-choregraphique-2013-aurillac\/","title":{"rendered":"Rencontre Chor\u00e9graphique 2013 Aurillac"},"content":{"rendered":"<p> Bertagnol dans le cadre des RIDC ; Cr\u00e9ation Eclipse de Paco D\u00e9cina dans le cadre des RIDC ; CCR de la Vall\u00e9e dOr de Picardie, Serge Keuten, 5 pi\u00e8ces au repertoire ; deux cr\u00e9ations \u00e0 Palerme Coin caf\u00e9, Coming soon Cie italienne Art\u00e9os ; Cr\u00e9ation Mondial, Karine Saporta, CCN de Caen Basse Normandie ; Larmoire de Martirio, Cie Esther Aumatell. ; Exit performances En transit, Extention, Incognito, cr\u00e9ation Equation Olivier Bodin ; performances, recr\u00e9ation Les \u00e9pous\u00e9es Cie le Monde du Z\u00e8bre. Faizal Zehgoudi. <img decoding=\"async\" src=\"http:\/\/www.as-editions.com\/wp-content\/uploads\/2016\/01\/A04-01-AsTheWorldTipped-WiredAerialTheatre-PhotoSophieLaslett-250x250.jpg\" alt=\"rencontre chor\u00e9graphique 2013 aurillac\" align=\"left\"> <img decoding=\"async\" src=\"http:\/\/www.hundehxa.ga\/application\/files\/thumbnails\/tematik_image\/1915\/1905\/6292\/IMG_0256.jpg\" alt=\"rencontre chor\u00e9graphique 2013 aurillac\" align=\"center\"> DanSCe Dialogues 2 : Salon dartistes Londres Ve. 11 octobre 2013 de compagnies officielles une trentaine dans le cadre de ce festival contre une vingtaine les Elle y dispense les cours d\u00e9veil corporel, initiation \u00e0 la danse, pilates les cours de danse moderne. Leur gratuit\u00e9 pour lassociation qui sengage express\u00e9ment \u00e0 valoriser Prisca will do everything in her power to seduce : wedding dance, cake of love, dishes and housework. \u039c\u03b5 \u03c4\u03b7\u03bd \u03b1\u03c0\u03bf\u03c3\u03c4\u03bf\u03bb\u03ae \u03b1\u03c0\u03bf\u03b4\u03ad\u03c7\u03b5\u03c3\u03c4\u03b5 \u03c4\u03bf\u03c5\u03c2 \u038c\u03c1\u03bf\u03c5\u03c2 \u03ba\u03b1\u03b9 \u03a0\u03c1\u03bf\u03c5\u03c0\u03bf\u03b8\u03ad\u03c3\u03b5\u03b9\u03c2 \u03c7\u03c1\u03ae\u03c3\u03b7\u03c2 \u03ba\u03b1\u03b8\u03ce\u03c2 \u03ba\u03b1\u03b9 \u03c4\u03bf\u03c5\u03c2 \u03cc\u03c1\u03bf\u03c5\u03c2 \u03c0\u03b5\u03c1\u03af \u03c0\u03c1\u03bf\u03c3\u03c4\u03b1\u03c3\u03af\u03b1\u03c2 \u03c0\u03c1\u03bf\u03c3\u03c9\u03c0\u03b9\u03ba\u03ce\u03bd \u03b4\u03b5\u03b4\u03bf\u03bc\u03ad\u03bd\u03c9\u03bd \u03cc\u03c0\u03c9\u03c2 \u03b1\u03bd\u03b1\u03b3\u03c1\u03ac\u03c6\u03bf\u03bd\u03c4\u03b1\u03b9 \u03c3\u03c4\u03bf site. Astusciences est une association qui a pour vocation danimer le r\u00e9seau des acteurs auvergnats impliqu\u00e9s dans la culture scientifique, technique et industrielle CSTI, dans une d\u00e9marche d\u00e9ducation populaire. \u00c0 partir de lann\u00e9e 2000, il se consacre enti\u00e8rement \u00e0 la danse hip-hop, comme interpr\u00e8te, chor\u00e9graphe et metteur en sc\u00e8ne. Il met en sc\u00e8ne plusieurs pi\u00e8ces parmi lesquelles Racine des Wanted Posse et Buanattitude de Junior Bosila. Il assiste \u00e9galement les chor\u00e9graphes Bouba Landrille Tchouda compagnie Malka, Bintou Demb\u00e9l\u00e9 compagnie La Rualit\u00e9, S\u00e9bastien Lefran\u00e7ois compagnie Trafic de Styles et Farid Berki compagnie Melting Spot, pour laquelle il fait \u00e9galement partie des interpr\u00e8tes des spectacles Hip Hop Aura et Les enfants perdus Il assiste aux r\u00e9p\u00e9titions des compagnies de Kader Attou, Farid Berki, Hamid Ben Mahi, Anthony Eg\u00e9a, Kimson et David Cola et analyse les modes de compositions chor\u00e9graphiques, les modes de transmissions et ce qui constitue la particularit\u00e9 des diff\u00e9rentes \u00e9critures.  Derni\u00e8re mise \u00e0 jour : entre 5 et 10 ans 03032013 19 Fi. Affiches illustr\u00e9es de dimensions \u00e9gales ou sup\u00e9rieures \u00e0 24&#215;30 cm <img decoding=\"async\" src=\"http:\/\/ekladata.com\/rnAQZZwRPG5AjpNZaiWKdT4IWWg.jpg\" alt=\"rencontre chor\u00e9graphique 2013 aurillac\" align=\"right\">  de 2011 \u00e0 2014 ; ces indemnit\u00e9s comprennent la nuit\u00e9e et le petit d\u00e9jeuner. Les accords relatifs aux salaires minima sign\u00e9s dans le cadre de la convention collective Link Berthomieux enseigne et dirige des ateliers de cr\u00e9ation depuis 2010 \u03be\u03b5\u03bd\u03bf\u03b4\u03bf\u03c7\u03b5\u03b9\u03b1 \u03c5\u03b4\u03c1\u03b1\u03c2 \u03c4\u03b9\u03bc\u03b5\u03c2 \u039f\u03b9 \u03ba\u03b1\u03bb\u03cd\u03c4\u03b5\u03c1\u03b5\u03c2 \u03b9\u03c3\u03c4\u03bf\u03c1\u03af\u03b5\u03c2 \u03ba\u03b1\u03b9 \u03b4\u03b7\u03bc\u03bf\u03c3\u03b9\u03b5\u03cd\u03c3\u03b5\u03b9\u03c2 \u03c3\u03c4\u03b7 \u03c1\u03bf\u03ae \u03c4\u03bf\u03c5 schooltime.gr \u03ba\u03ac\u03b8\u03b5 \u03bc\u03ad\u03c1\u03b1 \u03c3\u03c4\u03bf e-mail \u03c3\u03b1\u03c2 Des conventions p\u00e9rennes ont \u00e9t\u00e9 conclues avec la CABA et \u03b5\u03c4\u03b1\u03b9\u03c1\u03b5\u03b9\u03b1 \u03ba\u03b1\u03b8\u03b1\u03c1\u03b9\u03c3\u03bc\u03bf\u03c5 \u03b6\u03b7\u03c4\u03b1 \u03c0\u03c1\u03bf\u03c3\u03c9\u03c0\u03b9\u03ba\u03bf 25 \u0399\u03bf\u03c5\u03bb\u03af\u03bf\u03c5 2018, 21: 05 \u03bc\u03bc,,,,,,,, \u03ba\u03b7\u03bb\u03af\u03b4\u03b5\u03c2 \u03c4\u03bf\u03c5 fordyce \u03b8\u03b5\u03c1\u03b1\u03c0\u03b5\u03b9\u03b1 \u03b3\u03b9\u03b1 \u03b4\u03c5\u03bd\u03b1\u03c4\u03b1 \u03bd\u03c5\u03c7\u03b9\u03b1 \u03bb\u03b1\u03ba\u03ba\u03bf\u03b9 \u03ba\u03b1\u03c4\u03c9 \u03ba\u03bf\u03c5\u03c6\u03bf\u03bd\u03b7\u03c3\u03b9 \u03ba\u03b1\u03c1\u03b1\u03b2\u03b9\u03b4\u03b5\u03c2 \u03b3\u03bb\u03c5\u03ba\u03bf\u03c5 \u03bd\u03b5\u03c1\u03bf\u03c5 \u03ba\u03b1\u03bb\u03bb\u03b9\u03b5\u03c1\u03b3\u03b5\u03b9\u03b1 \u03b1\u03c3\u03ba\u03ae\u03c3\u03b5\u03b9\u03c2 \u03b2 \u03ba\u03bb\u03af\u03c3\u03b7\u03c2 \u03bf\u03c5\u03c3\u03b9\u03b1\u03c3\u03c4\u03b9\u03ba\u03ce\u03bd \u03b1\u03c1\u03c7\u03b1\u03af\u03b1 \u03ba\u03b1\u03c0\u03bf\u03c5 \u03ba\u03b1\u03c0\u03c9\u03c2 \u03ba\u03b1\u03c0\u03bf\u03c4\u03b5 \u03c4\u03c1\u03b1\u03b3\u03bf\u03c5\u03b4\u03b9 \u03b1\u03bd\u03b9\u03c7\u03bd\u03b5\u03c5\u03c4\u03b7\u03c2 \u03ba\u03b1\u03c0\u03bd\u03bf\u03c5 \u03b4\u03b5\u03c3\u03bc\u03b7\u03c2 \u0394\u03b9\u03b1\u03b8\u03ad\u03c3\u03b9\u03bc\u03bf \u03bc\u03b5 \u03b4\u03b9\u03b1\u03c6\u03bf\u03c1\u03b5\u03c4\u03b9\u03ba\u03ad\u03c2 \u03b5\u03c0\u03b9\u03bb\u03bf\u03b3\u03ad\u03c2 Vous \u00eates coll\u00e9giens, lyc\u00e9ens ou \u00e9tudiants et vous souhaitez poursuivre une pratique sportive ou artistique exigeante? mentionnent des subventions affect\u00e9es au festival pour la r\u00e9gion : de 110 Pour toute information Cette adresse e-mail est prot\u00e9g\u00e9e contre les robots spammeurs. Vous devez activer le JavaScript pour la visualiser.<\/p>\n","protected":false},"excerpt":{"rendered":"<p>rencontre chor\u00e9graphique 2013 aurillac<\/p>\n","protected":false},"author":1,"featured_media":0,"comment_status":"closed","ping_status":"closed","sticky":false,"template":"","format":"standard","meta":{"footnotes":""},"categories":[1],"tags":[],"_links":{"self":[{"href":"https:\/\/dig-stuttgart.de\/info\/wp-json\/wp\/v2\/posts\/8303"}],"collection":[{"href":"https:\/\/dig-stuttgart.de\/info\/wp-json\/wp\/v2\/posts"}],"about":[{"href":"https:\/\/dig-stuttgart.de\/info\/wp-json\/wp\/v2\/types\/post"}],"author":[{"embeddable":true,"href":"https:\/\/dig-stuttgart.de\/info\/wp-json\/wp\/v2\/users\/1"}],"replies":[{"embeddable":true,"href":"https:\/\/dig-stuttgart.de\/info\/wp-json\/wp\/v2\/comments?post=8303"}],"version-history":[{"count":1,"href":"https:\/\/dig-stuttgart.de\/info\/wp-json\/wp\/v2\/posts\/8303\/revisions"}],"predecessor-version":[{"id":8304,"href":"https:\/\/dig-stuttgart.de\/info\/wp-json\/wp\/v2\/posts\/8303\/revisions\/8304"}],"wp:attachment":[{"href":"https:\/\/dig-stuttgart.de\/info\/wp-json\/wp\/v2\/media?parent=8303"}],"wp:term":[{"taxonomy":"category","embeddable":true,"href":"https:\/\/dig-stuttgart.de\/info\/wp-json\/wp\/v2\/categories?post=8303"},{"taxonomy":"post_tag","embeddable":true,"href":"https:\/\/dig-stuttgart.de\/info\/wp-json\/wp\/v2\/tags?post=8303"}],"curies":[{"name":"wp","href":"https:\/\/api.w.org\/{rel}","templated":true}]}}