{"id":8339,"date":"2020-07-08T17:16:14","date_gmt":"2020-07-08T17:16:14","guid":{"rendered":"http:\/\/dig-stuttgart.de\/info\/?p=8339"},"modified":"2020-06-29T08:13:01","modified_gmt":"2020-06-29T08:13:01","slug":"rencontres-librairie-ombres-blanches","status":"publish","type":"post","link":"https:\/\/dig-stuttgart.de\/info\/2020\/07\/08\/rencontres-librairie-ombres-blanches\/","title":{"rendered":"Rencontres Librairie Ombres Blanches"},"content":{"rendered":"<p>SZABO Violette Reine Elisabeth Lieutenant du SOE Les injonctions sociales les plus s\u00e9rieuses sadressent non \u00e0 lintellect mais au corps, trait\u00e9 comme un pense-b\u00eate M\u00e9ditations pascaliennes, la connaissance par corps, p.204. Grossman a ses entr\u00e9es dans la sc\u00e8ne folk, il fait jouer aux bons endroits, aux bons moments pour lui garantir une renomm\u00e9e grandissante dans le milieu de la folk et au-del\u00e0. Dylan est ainsi invit\u00e9 \u00e0 se produire au Newport Folk Festival dao\u00fbt 1963, trois mois apr\u00e8s la sortie de son album Freeweelhin Bob Dylan et alors que les ventes du single de Blowin in the wind sont au plus haut. Il appara\u00eet deux fois sur sc\u00e8ne avec Joan Baez, elle-m\u00eame au sommet de sa gloire. Le succ\u00e8s de Blowing in the wind et sa prestation complice avec la reine du folk contribue \u00e0 faire exploser les ventes du Freeweelhin Bob Dylan. Fils de Dominique Jacques Claudel et de Marie Agathe Maldam\u00e9, F\u00e9lix Claudel Epinal 15 ao\u00fbt 1828-Docelles 28 avril 1875acte du 29 sest mari\u00e9 \u00e0 Docelles le 17 octobre 1860 avec Marie Julie Krantz Docelles 20 octobre 1842-DocellesVraichamp 1929, renti\u00e8re, fille de Victor Emmanuel Krantz 1795-Docelles 1 er mai 1850, fabricant de papier, et de Sophie Escallier d\u00e9c\u00e9d\u00e9e \u00e0 Docelles le 9 d\u00e9cembre 1894.  Mais la Dame aux Rats, qui a le pouvoir de d\u00e9livrer les maisons de tout Kohl Eug\u00e8ne Mathias, n\u00e9 le 24.03.1894 au Luxembourg. Nous parcourons 170 km pour arriver \u00e0 YCHOUX, \u00e0 quelques kilom\u00e8tres de la voie du littoral. Pour accentuer encore ce mal-\u00eatre, pollution parmi les pollutions, nous sommes envahis du bruit des autres, de leurs vocif\u00e9rations hyst\u00e9riques, des cris vulgaires en tout genre. Cest un horrible brouhaha. M\u00eame un musicien ne trouverait pas dans cette \u00e9norme cacophonie, la moindre note harmonieuse et sereine. <img decoding=\"async\" src=\"http:\/\/mizubayashi.urdr.weblife.me\/_src\/7552\/img_2201.jpg\" alt=\"rencontres librairie ombres blanches\" align=\"left\"> En juillet 1956, le 2 e R.E.I. Op\u00e8re dans le Sud Oranais tandis que sa base arri\u00e8re est install\u00e9e \u00e0 Arzew. Le 2 e R.E.I. Est le premier r\u00e9giment de la L\u00e9gion \u00e0 \u00eatre m\u00e9canis\u00e9. Quon ne pouvait mieux faire et quils en sont confus Eratosth\u00e8ne a \u00e9valu\u00e9 par ailleurs la distance entre Sy\u00e8ne et Alexandrie en faisant appel \u00e0 un b\u00e9matiste arpenteur de pas qui sest bas\u00e9 sur le temps en journ\u00e9es de marche de chameau entre les deux villes : la distance obtenue \u00e9tait de 5 000 stades. D\u00e9sol\u00e9, il ny a aucun circuit ni aucune activit\u00e9 disponible \u00e0 la r\u00e9servation en ligne \u00e0 la date que vous avez s\u00e9lectionn\u00e9e. Choisissez une autre date. Cr\u00e9ations art sociaBle ateliers partage Th\u00e9\u00e2tre de la Vie vous invite \u00e0 monter sur sc\u00e8ne pour d\u00e9clamer votre texte. Daniel est com\u00e9dien. Non, il est circassien. En fait, il est musicien. Ou alors, chanteur.. Bon, il est un peu tout cela \u00e0 la fois, mais vous dire sil est un peu plus \u00e7a et un peu moins cela.. R\u00e9sumons : cest un artiste multi-facettes et, au Th\u00e9\u00e2tre de la Vie, on aime \u00e7a. Il a imagin\u00e9 une formule prot\u00e9iforme pour nous faire vibrer entre po\u00e9sie et humour, pour bousculer et stimuler nos sens et nos sensations.  Retour salle Daudet, intervention du G\u00e9n\u00e9ral Gausser\u00e8s citant les actions r\u00e9centes de la F\u00e9d\u00e9ration et rappelant la n\u00e9cessit\u00e9 d\u00eatre pr\u00e9sents aupr\u00e8s des autorit\u00e9s parisiennes. Il remet ensuite la m\u00e9daille de la FSALE au Mdl er Tabuenca et au Major er Ponce Y Navarro, pr\u00e9sident sortant.  <img decoding=\"async\" src=\"http:\/\/reveilcreatif.com\/wp-content\/uploads\/2018\/05\/8047_RC60.jpg\" alt=\"rencontres librairie ombres blanches\" align=\"right\"> <img decoding=\"async\" src=\"http:\/\/www.bagdam.org\/image\/PL16-ronde.jpg\" alt=\"rencontres librairie ombres blanches\" align=\"left\"> Jackl Fran\u00e7ois Albert, n\u00e9 le 04.10.1888 \u00e0 Prague en Boh\u00e8me ; l\u00e9gionnaire de 1\u00e8re classe.<\/p>\n","protected":false},"excerpt":{"rendered":"<p>rencontres librairie ombres blanches<\/p>\n","protected":false},"author":1,"featured_media":0,"comment_status":"closed","ping_status":"closed","sticky":false,"template":"","format":"standard","meta":{"footnotes":""},"categories":[1],"tags":[],"_links":{"self":[{"href":"https:\/\/dig-stuttgart.de\/info\/wp-json\/wp\/v2\/posts\/8339"}],"collection":[{"href":"https:\/\/dig-stuttgart.de\/info\/wp-json\/wp\/v2\/posts"}],"about":[{"href":"https:\/\/dig-stuttgart.de\/info\/wp-json\/wp\/v2\/types\/post"}],"author":[{"embeddable":true,"href":"https:\/\/dig-stuttgart.de\/info\/wp-json\/wp\/v2\/users\/1"}],"replies":[{"embeddable":true,"href":"https:\/\/dig-stuttgart.de\/info\/wp-json\/wp\/v2\/comments?post=8339"}],"version-history":[{"count":1,"href":"https:\/\/dig-stuttgart.de\/info\/wp-json\/wp\/v2\/posts\/8339\/revisions"}],"predecessor-version":[{"id":8340,"href":"https:\/\/dig-stuttgart.de\/info\/wp-json\/wp\/v2\/posts\/8339\/revisions\/8340"}],"wp:attachment":[{"href":"https:\/\/dig-stuttgart.de\/info\/wp-json\/wp\/v2\/media?parent=8339"}],"wp:term":[{"taxonomy":"category","embeddable":true,"href":"https:\/\/dig-stuttgart.de\/info\/wp-json\/wp\/v2\/categories?post=8339"},{"taxonomy":"post_tag","embeddable":true,"href":"https:\/\/dig-stuttgart.de\/info\/wp-json\/wp\/v2\/tags?post=8339"}],"curies":[{"name":"wp","href":"https:\/\/api.w.org\/{rel}","templated":true}]}}