{"id":8341,"date":"2020-07-08T00:08:58","date_gmt":"2020-07-08T00:08:58","guid":{"rendered":"http:\/\/dig-stuttgart.de\/info\/?p=8341"},"modified":"2020-06-29T08:13:57","modified_gmt":"2020-06-29T08:13:57","slug":"cinema-la-rencontre-ecully","status":"publish","type":"post","link":"https:\/\/dig-stuttgart.de\/info\/2020\/07\/08\/cinema-la-rencontre-ecully\/","title":{"rendered":"Cinema La Rencontre Ecully"},"content":{"rendered":"<p>Le domaine organise et accueille Les Entretiens de Valpr\u00e9 depuis sur une journ\u00e9e. Ils constituent une rencontre annuelle entre acteurs \u00e9conomiques et issus de lentreprise dune part et repr\u00e9sentants de l dautre part. La premi\u00e8re ann\u00e9e, lop\u00e9ration rassemble 200 personnes, 300 la seconde et environ 500 depuis 2010. Ces rencontres sont soutenues par une \u00e9quipe de b\u00e9n\u00e9voles qui appuient laction des salari\u00e9s. De nombreux partenaires financiers et institutionnels permettent \u00e9galement aux Entretiens de conna\u00eetre leur succ\u00e8s, notamment le, le r\u00e9seau des radios ou. En 2006, le magazine socio-\u00e9conomique de la r\u00e9gion Acteurs de l\u00e9conomie se joint \u00e0 lop\u00e9ration. <img decoding=\"async\" src=\"http:\/\/www.mondedesgrandesecoles.fr\/wp-content\/uploads\/affiche-centractes-2017.jpg\" alt=\"cinema la rencontre ecully\" align=\"right\"> Journ\u00e9es du Patrimoine 2020 \u00e0 Lyon et sa r\u00e9gion Auvergne-Rh\u00f4ne-Alpes  <img decoding=\"async\" src=\"http:\/\/medias.maisonsetappartements.fr\/pict\/f400x267\/1\/7\/3\/9\/ext_0_1739990.jpg\" alt=\"cinema la rencontre ecully\" align=\"center\"> le plus proche, avec un arr\u00eat \u00e0 30 m\u00e8tres de la Maison de la Rencontre Histoire du domaine Le domaine avant les Assomptionnistes  RAPPEL : les sorties virtuelles sont IN-TER-DI-TES sur le site! Leurs organisateurs sont d\u00e9sormais sanctionn\u00e9s car TOUT LE MONDE veut que cela CESSE! Le Festival Documental est organis\u00e9 par Espaces latinos, avec la complicit\u00e9 de l Op\u00e9ra de Lyon qui met \u00e0 disposition son amphith\u00e9\u00e2tre. Des courts m\u00e9trages \u00e0 12 h 30 et des longs m\u00e9trages \u00e0 18 h 30. 10 films s\u00e9lectionn\u00e9s en provenance d Am\u00e9rique latine Le programme complet: dont le documentaire: Como Tr\u00e8s joli appartement de 50 m2 enti\u00e8rement refait \u00e0 neuf d un style contemporain en janvier 2014,uniquement destin\u00e9 \u00e0 Un incendie sest d\u00e9clench\u00e9 ce jeudi matin vers 8h dans le 3e arrondissement de Lyon, rue de Cr\u00e9qui. Un seul mot dordre : cr\u00e9er une animation sans compromis quelle que soit la technique utilis\u00e9e. Error 503-Service Unavailable Error 503-Service Unavailable La programmation de cette salle de cin\u00e9ma nest pas connue. Error message PDOException: SQLSTATEHY000 1226 User artetessaiorg01 has exceeded the max_user_connections resource current value: 25 in lock_may_be_available line 167 of varwwwart-et-essai.orghttpdocswwwincludeslock.inc.  Pour permettre de respecter les consignes sanitaires de nouvelles messes ont \u00e9t\u00e9 ajout\u00e9es le weekend, entra\u00eenant aussi des changements dhoraire. Retrouvez ci-dessous toutes les informations ainsi que les consignes sanitaires \u00e0 respecter. Nous vous invitons \u00e0 finaliser vos achats tout de suite. A lissue de la projection de lavant-premi\u00e8re du film Sortie d\u00e9cole Lyon, Nounou \u00e0 domicile Lyon Les Zouzous Lyonnais Sortie d\u00e9cole Lyon, Nounou \u00e0 domicile Lyon Les Zouzous Lyonnais 4 rue Diderot, 69001 Lyon, France-Tel. 33 0 478 298 200-33 0 472 008 030-Siret 343 299 905 000 46 Code APE 913E-Assoc. Loi 1901-Fond\u00e9e en septembre 1984-CPPAP n 1014 G 87680-ISSN 2680-6401 Le journal Le Progr\u00e8s de Lyon publie un article sur la cinqui\u00e8me \u00e9dition du festival latino-am\u00e9ricain que lassociation CinEcully propose cette semaine sur la r\u00e9gion de Lyon. Adresse 21, avenue Aynard \u00c9cully T\u00e9l\u00e9phone bureaux T\u00e9l\u00e9phone programmes 04 78 33 64 33 L\u00e9quipe de secours.. : samedi 22 f\u00e9vrier15h30 atelier :r\u00e9alisation de bruschettas italiennes Transports en commun : M\u00e9tro ligne A, Tram T3, Bus C8, C15, 16, 52, 83, 100, 323, 68, ZI3, ZI4, ZI7, ZI5 : station Vaulx-en-Velin La Soie Achat Carte 5 places uniquement en caisse de vos cin\u00e9mas Path\u00e9 Bellecour, Path\u00e9 Carr\u00e9 de Soie et Path\u00e9 Vais <img decoding=\"async\" src=\"http:\/\/eric-boisset.com\/wp-content\/uploads\/2016\/02\/1502196_368479906666733_3247238907585803330_o-800x492-278x290.jpg\" alt=\"cinema la rencontre ecully\" align=\"left\">.<\/p>\n","protected":false},"excerpt":{"rendered":"<p>cinema la rencontre ecully<\/p>\n","protected":false},"author":1,"featured_media":0,"comment_status":"closed","ping_status":"closed","sticky":false,"template":"","format":"standard","meta":{"footnotes":""},"categories":[1],"tags":[],"_links":{"self":[{"href":"https:\/\/dig-stuttgart.de\/info\/wp-json\/wp\/v2\/posts\/8341"}],"collection":[{"href":"https:\/\/dig-stuttgart.de\/info\/wp-json\/wp\/v2\/posts"}],"about":[{"href":"https:\/\/dig-stuttgart.de\/info\/wp-json\/wp\/v2\/types\/post"}],"author":[{"embeddable":true,"href":"https:\/\/dig-stuttgart.de\/info\/wp-json\/wp\/v2\/users\/1"}],"replies":[{"embeddable":true,"href":"https:\/\/dig-stuttgart.de\/info\/wp-json\/wp\/v2\/comments?post=8341"}],"version-history":[{"count":1,"href":"https:\/\/dig-stuttgart.de\/info\/wp-json\/wp\/v2\/posts\/8341\/revisions"}],"predecessor-version":[{"id":8342,"href":"https:\/\/dig-stuttgart.de\/info\/wp-json\/wp\/v2\/posts\/8341\/revisions\/8342"}],"wp:attachment":[{"href":"https:\/\/dig-stuttgart.de\/info\/wp-json\/wp\/v2\/media?parent=8341"}],"wp:term":[{"taxonomy":"category","embeddable":true,"href":"https:\/\/dig-stuttgart.de\/info\/wp-json\/wp\/v2\/categories?post=8341"},{"taxonomy":"post_tag","embeddable":true,"href":"https:\/\/dig-stuttgart.de\/info\/wp-json\/wp\/v2\/tags?post=8341"}],"curies":[{"name":"wp","href":"https:\/\/api.w.org\/{rel}","templated":true}]}}