{"id":8343,"date":"2020-07-08T03:45:34","date_gmt":"2020-07-08T03:45:34","guid":{"rendered":"http:\/\/dig-stuttgart.de\/info\/?p=8343"},"modified":"2020-06-29T08:14:28","modified_gmt":"2020-06-29T08:14:28","slug":"rencontre-chorales-de-montreux","status":"publish","type":"post","link":"https:\/\/dig-stuttgart.de\/info\/2020\/07\/08\/rencontre-chorales-de-montreux\/","title":{"rendered":"Rencontre Chorales De Montreux"},"content":{"rendered":"<p><img decoding=\"async\" src=\"http:\/\/www.dimanche-musique.ch\/images\/ProgDetail\/Concert6.png\" alt=\"rencontre chorales de montreux\" align=\"right\"> <img decoding=\"async\" src=\"http:\/\/upload.wikimedia.org\/wikipedia\/commons\/thumb\/b\/b5\/Audioslave_2005.jpg\/440px-Audioslave_2005.jpg\" alt=\"rencontre chorales de montreux\" align=\"center\"> Ses qualit\u00e9s de concertiste et de chef de ch\u0153ur sont tr\u00e8s largement reconnues et appr\u00e9ci\u00e9es. La Chapelle Vocale de Romainm\u00f4tier f\u00eate cette ann\u00e9e ses 50 ans Elle est finalement passionn\u00e9e par lhorlogerie et par le monde automobile. Linstallation du nouveau Conseil Municipal sest d\u00e9roul\u00e9 lundi soir \u00e0 la Salle des F\u00eates de Montreux-Vieux-16 janvier 2009, Ani\u00e8res, GE 150e Anniversaire de la Commune Lo sentimos, tenemos que asegurarnos de que eres una persona. Para obtener el mejor resultado, aseg\u00farate de que tu navegador acepta cookies. 2000-Le Tr\u00e9sor Magnifique M\u00e9moire dun chant du sud de Francis Pornon et Sergio Ortega Anonymos chante en compagnie de la C\u00e9cilienne-mixte dEcuvillens-Posieux le Te Deum de Charpentier ainsi quun psaume de Vivaldi. Le Ch\u0153ur f\u00fbt aussi pr\u00e9sent dans les ar\u00e8nes de la F\u00eate f\u00e9d\u00e9rale de Lutte suisse \u00e0 Estavayer-le-Lac, le dernier week-end dao\u00fbt 2016, puis dans les ar\u00e8nes romaines dAvenches \u00e0 loccasion du festival Avenches Tattoo, le premier week-end de septembre. Fondation des Rencontres Chorales Internationales de Montreux, \u00e0 Montreux, CHE-110.405.942 FOSC du 19.12.2013, p 07225834. Burnier Madeleine et Willi Edith, inscrites sans signature, ne sont plus membres du conseil de fondation. Yverdon-les-Bains, Eglise \u00e9vang\u00e9lique des Uttins 09:00  <img decoding=\"async\" src=\"http:\/\/kjorlbingwine.gq\/wp-content\/uploads\/2017\/09\/bg_bandeaucontact-1-1-750x687.png\" alt=\"rencontre chorales de montreux\" align=\"center\"> Amadeus, n\u00e9gociants en pianos, \u00e9tats de New York, New Jersey et Connecticut:  Participation au concert-portrait consacr\u00e9 \u00e0 C. Charri\u00e8re, organis\u00e9 par le Forum Musique et femmes \u00e0 Berne. Avec JOSIANE BATAILLARD, NATALIE BOOKCHIN, MARCO GODINO, MARTINE LOCATELLI, VIOLAINE LOCHU, JESSICA MAISONNEUVE et les \u00e9lev\u00e9s de l\u00e9cole dart de Belfort Compte-rendu, concert. Montreux et Vevey, les 28 29 ao\u00fbt 2017. Verdi, Bruch, Tcha\u00efkovski, Mozart R. Capu\u00e7on, L. Viotti, T. Currentzis Classique News 1989-La victoire en chantant pour le bicentenaire de la R\u00e9volution Fran\u00e7aise  Le pianiste am\u00e9ricain est d\u00e9c\u00e9d\u00e9 mercredi. Il avait 85 ans, il \u00e9tait le ma\u00eetre du hard bop.<\/p>\n","protected":false},"excerpt":{"rendered":"<p>rencontre chorales de montreux<\/p>\n","protected":false},"author":1,"featured_media":0,"comment_status":"closed","ping_status":"closed","sticky":false,"template":"","format":"standard","meta":{"footnotes":""},"categories":[1],"tags":[],"_links":{"self":[{"href":"https:\/\/dig-stuttgart.de\/info\/wp-json\/wp\/v2\/posts\/8343"}],"collection":[{"href":"https:\/\/dig-stuttgart.de\/info\/wp-json\/wp\/v2\/posts"}],"about":[{"href":"https:\/\/dig-stuttgart.de\/info\/wp-json\/wp\/v2\/types\/post"}],"author":[{"embeddable":true,"href":"https:\/\/dig-stuttgart.de\/info\/wp-json\/wp\/v2\/users\/1"}],"replies":[{"embeddable":true,"href":"https:\/\/dig-stuttgart.de\/info\/wp-json\/wp\/v2\/comments?post=8343"}],"version-history":[{"count":1,"href":"https:\/\/dig-stuttgart.de\/info\/wp-json\/wp\/v2\/posts\/8343\/revisions"}],"predecessor-version":[{"id":8344,"href":"https:\/\/dig-stuttgart.de\/info\/wp-json\/wp\/v2\/posts\/8343\/revisions\/8344"}],"wp:attachment":[{"href":"https:\/\/dig-stuttgart.de\/info\/wp-json\/wp\/v2\/media?parent=8343"}],"wp:term":[{"taxonomy":"category","embeddable":true,"href":"https:\/\/dig-stuttgart.de\/info\/wp-json\/wp\/v2\/categories?post=8343"},{"taxonomy":"post_tag","embeddable":true,"href":"https:\/\/dig-stuttgart.de\/info\/wp-json\/wp\/v2\/tags?post=8343"}],"curies":[{"name":"wp","href":"https:\/\/api.w.org\/{rel}","templated":true}]}}