{"id":8357,"date":"2020-07-08T15:56:45","date_gmt":"2020-07-08T15:56:45","guid":{"rendered":"http:\/\/dig-stuttgart.de\/info\/?p=8357"},"modified":"2020-06-29T08:26:47","modified_gmt":"2020-06-29T08:26:47","slug":"canal-vie-emission-rencontre","status":"publish","type":"post","link":"https:\/\/dig-stuttgart.de\/info\/2020\/07\/08\/canal-vie-emission-rencontre\/","title":{"rendered":"Canal Vie Emission Rencontre"},"content":{"rendered":"<p>Elles seront \u00e9galement utilis\u00e9es sous r\u00e9serve des options souscrites, \u00e0 des fins de ciblage publicitaire. Bonjour! Jesp\u00e8re que vous allez bien. Je ne sais pas si vous \u00eates comme moi, mais 4 avril 2016 Charg\u00e9 de cours, membre de l\u00e9quipe de droit p\u00e9nal de luniversit\u00e9 de Montpellier EDPM et capitaine de police.. <img decoding=\"async\" src=\"http:\/\/lebuzz.eurosport.fr\/wp-content\/uploads\/sites\/3\/2016\/12\/bolt.jpg\" alt=\"canal vie emission rencontre\" align=\"right\"> partager larticle D\u00e9confinez-moi, cest l\u00e9mission qui parle de votre quotidien. D\u00e9confinez moi va vous raconter des histoires, de belles histoires qui se sont pass\u00e9es pendant le confinement. Lobjectif : vous informer et vous faire sourire. 14h12 Pr\u00e9vention Covid-19. Dans le cadre de ladaptation de lespace public post-confinement, une exp\u00e9rimentation va \u00eatre men\u00e9e \u00e0 partir du 12 juin pour fabriquer localement des distributeurs de savon liquide pour \u00e9quiper les fontaines dEau de Paris dans les parcs et jardins de la ville. Quest-ce que lon mangera dans le restaurant de Franck Morello Scotchman? Pour r\u00e9colter leurs confidences, Mitsou G\u00e9linas, qui a anim\u00e9 Tout part de soi et Dis-moi sur la m\u00eame cha\u00eene, fait \u00e9quipe avec L\u00e9a Clermont-Dion, qui \u00e9tait au coeur du documentaire Beaut\u00e9 fatale \u00e0 T\u00e9l\u00e9-Qu\u00e9bec. Chaque \u00e9mission dune heure, chapeaut\u00e9e dun th\u00e8me, rencontre deux femmes tr\u00e8s diff\u00e9rentes lune de lautre. Pour la premi\u00e8re, intitul\u00e9e Dire adieu \u00e0 ses enfants et diffus\u00e9e le jeudi 25 ao\u00fbt \u00e0 22h, L\u00e9a a rencontr\u00e9 une m\u00e8re, Lynn, dont la fille de six ans est aux prises avec un cancer du cerveau, alors que Mitsou a fait de m\u00eame avec une m\u00e8re de trois jeunes enfants, Caroline, atteinte dun cancer inflammatoire du sein. Avec Marie-Pier D. Bureau, Design DB Conception despaces \u00e9coresponsables Florian, 24 ans, est un jeune agriculteur \u00e0 Saint-Laurent-des-Eaux. Il a chang\u00e9 dopinion sur le nucl\u00e9aire depuis quEDF veut acheter ses terres pour un nouveau projet : Continuer la navigation pour parcourir la derni\u00e8re cat\u00e9gorie La Grande T\u00e9moin de ce dimanche Maryl\u00e8ne Volpi Fournier. Un mois apr\u00e8s avoir repris le si\u00e8ge.. Un petit jeudi yoga avant un vendredi plus lousse o\u00f9 samorcent les plaisirs du weekend!   Pour en apprendre davantage sur lhistoire dAbiga\u00ebl Walker, consultez le site www.abimillepattes.com Partager cet article  Comment est-ce que vous lavez travaill\u00e9e, cette \u00e9mission, pour passer des vid\u00e9os YouTube au r\u00e9sultat que lon voit aujourdhui sur Canal? Un aper\u00e7u de lactualit\u00e9 de la semaine en partenariat avec 8 Mont Blanc et L\u00e9man Bleu&#8230; Lorsque chien et chat vivent sous le m\u00eame toit, il faut parfois laide dun expert pour \u00e9tablir la bonne entente. Suivez Jackson Galaxy et Zoe Sandor, deux experts qui aideront les propri\u00e9taires \u00e0 faire cohabiter leurs animaux. Guylaine Tremblay parle damour mature avec Micheline Lanct\u00f4t, qui, \u00e0 68 ans, vit une magnifique histoire damour. Guylaine re\u00e7oit aussi Mai Duong, en voie de gu\u00e9rison de la leuc\u00e9mie, un an apr\u00e8s sa greffe de sang de cordon. Les personnes handicap\u00e9es sont-elles victimes de discrimination au travail? Guylaine en parle avec Sylvain Thomas, qui a d\u00fb changer de carri\u00e8re pour une mieux adapt\u00e9e \u00e0 sa nouvelle r\u00e9alit\u00e9 apr\u00e8s quun glaucome la rendu malvoyant. 2020 Le Journal du Dimanche. Le JDD est un journal hebdomadaire fran\u00e7ais dactualit\u00e9 fond\u00e9 en 1948. Suivez lactualit\u00e9 politique, internationale et toute linfo soci\u00e9t\u00e9 avec le LeJDD.fr. D\u00e9couvrez tous nos d\u00e9cryptages dactu. Le Site LeJDD.fr est \u00e9dit\u00e9 par Lagard\u00e8re M\u00e9dia News <img decoding=\"async\" src=\"http:\/\/resize1-europe1.ladmedia.fr\/r\/300,150,forcex,center-middle\/img\/var\/europe1\/storage\/images\/europe1\/emissions\/carnets-du-monde\/carnets-du-monde-160918-3756779\/50141684-1-fre-FR\/Carnets-du-monde-16.09.18.jpg\" alt=\"canal vie emission rencontre\" align=\"center\"> Cette interview a \u00e9t\u00e9 publi\u00e9e dans le journal quotidien marocain LEconomiste. Jean-Luc M\u00e9lenchon, D\u00e9put\u00e9 des Bouches-du-Rh\u00f4ne et D\u00e9put\u00e9 Europ\u00e9en, livre dans un premier entretien exclusif accord\u00e9 \u00e0 un m\u00e9dia marocain son analyse, sur cette p\u00e9riode de crise sanitaire li\u00e9e au Covid-19 en France.. <img decoding=\"async\" src=\"http:\/\/hollywoodpq.com\/wp-content\/uploads\/2017\/05\/en-famille.jpg\" alt=\"canal vie emission rencontre\" align=\"left\"> 2758 \u00c9couter \u00c9couter Ajouter \u00e0 la playlist \u00c9couter le cin\u00e9ma 15 : Du vent dans la plaine Apr\u00e8s avoir cr\u00e9\u00e9 sa soci\u00e9t\u00e9 de conseil aux gouvernements, Anne-Laure Kiechel a amplifi\u00e9 sa force de frappe durant. Http:www.nightlife.ca20110527sidim-2011-nourrir-son-interieur http:www.tativivelavie.com201105retour-sur-le-sidim-2ieme-partie.html http:athome.kimvallee.com201105my-favorite-things-at-sidim-2011 http:www.lanvertdudecor.com201105sidim-2011more-4840 http:www.deconome.com20110601nouveautes-du-salon-international-du-design-de-montreal-2011.<\/p>\n","protected":false},"excerpt":{"rendered":"<p>canal vie emission rencontre<\/p>\n","protected":false},"author":1,"featured_media":0,"comment_status":"closed","ping_status":"closed","sticky":false,"template":"","format":"standard","meta":{"footnotes":""},"categories":[1],"tags":[],"_links":{"self":[{"href":"https:\/\/dig-stuttgart.de\/info\/wp-json\/wp\/v2\/posts\/8357"}],"collection":[{"href":"https:\/\/dig-stuttgart.de\/info\/wp-json\/wp\/v2\/posts"}],"about":[{"href":"https:\/\/dig-stuttgart.de\/info\/wp-json\/wp\/v2\/types\/post"}],"author":[{"embeddable":true,"href":"https:\/\/dig-stuttgart.de\/info\/wp-json\/wp\/v2\/users\/1"}],"replies":[{"embeddable":true,"href":"https:\/\/dig-stuttgart.de\/info\/wp-json\/wp\/v2\/comments?post=8357"}],"version-history":[{"count":1,"href":"https:\/\/dig-stuttgart.de\/info\/wp-json\/wp\/v2\/posts\/8357\/revisions"}],"predecessor-version":[{"id":8358,"href":"https:\/\/dig-stuttgart.de\/info\/wp-json\/wp\/v2\/posts\/8357\/revisions\/8358"}],"wp:attachment":[{"href":"https:\/\/dig-stuttgart.de\/info\/wp-json\/wp\/v2\/media?parent=8357"}],"wp:term":[{"taxonomy":"category","embeddable":true,"href":"https:\/\/dig-stuttgart.de\/info\/wp-json\/wp\/v2\/categories?post=8357"},{"taxonomy":"post_tag","embeddable":true,"href":"https:\/\/dig-stuttgart.de\/info\/wp-json\/wp\/v2\/tags?post=8357"}],"curies":[{"name":"wp","href":"https:\/\/api.w.org\/{rel}","templated":true}]}}