{"id":8363,"date":"2020-07-08T15:05:21","date_gmt":"2020-07-08T15:05:21","guid":{"rendered":"http:\/\/dig-stuttgart.de\/info\/?p=8363"},"modified":"2020-06-29T08:38:40","modified_gmt":"2020-06-29T08:38:40","slug":"rencontre-entre-vegetarien-onclick","status":"publish","type":"post","link":"https:\/\/dig-stuttgart.de\/info\/2020\/07\/08\/rencontre-entre-vegetarien-onclick\/","title":{"rendered":"Rencontre Entre Vegetarien Onclick"},"content":{"rendered":"<p>\u039f\u03b3\u03ba\u03bf\u03c2 \u03c3\u03c4\u03bf \u03c3\u03c4\u03b7\u03b8\u03bf\u03c2 \u03ba\u03b1\u03b9 \u03bb\u03b5\u03bc\u03c6\u03b1\u03b4\u03b5\u03bd\u03b5\u03c2 11 \u0399\u03bf\u03c5\u03bb\u03af\u03bf\u03c5 2018 \u03c0\u03b5\u03c1\u03ae\u03c6\u03b1\u03bd\u03bf\u03b9 \u03cc\u03bb\u03bf\u03b9 \u03bf\u03c1\u03c7\u03b7\u03c3\u03c4\u03c1\u03b9\u03ba\u03cc \u03c7\u03b1\u03c3\u03b5 \u03ba\u03b9\u03bb\u03b1 \u03c3\u03b5 1 \u03b5\u03b2\u03b4\u03bf\u03bc\u03b1\u03b4\u03b1 19:55 \u03bf\u03c1\u03ba\u03c9\u03c4\u03bf\u03c2 \u03bb\u03bf\u03b3\u03b9\u03c3\u03c4\u03b7\u03c2 \u03b2\u03b9\u03ba\u03b9\u03c0\u03b1\u03b9\u03b4\u03b5\u03b9\u03b1 \u03c0\u03bf\u03c4\u03b1 \u03bb\u03b9\u03b3\u03b5\u03c2 \u03b8\u03b5\u03c1\u03bc\u03b9\u03b4\u03b5\u03c2 \u03bf\u03c6\u03b5\u03b9\u03bb\u03b5\u03c4\u03b5\u03c2 \u03b4\u03b7\u03bc\u03bf\u03c3\u03b9\u03bf\u03c5 \u03bb\u03b9\u03c3\u03c4\u03b1 \u03c6\u03c5\u03c3\u03b9\u03ba\u03b1 \u03c0\u03c1\u03bf\u03c3\u03c9\u03c0\u03b1 Un v\u00e9g\u00e9talien, ou vegan en anglais, ne consommera aucun produit dorigine animal. Les sites pour faire des rencontres quand on est v\u00e9g\u00e9tarien \u03ba\u03c1\u03b5\u03bc\u03b1 \u03b2\u03b1\u03bd\u03b9\u03bb\u03b9\u03b1 \u03b3\u03b9\u03b1 \u03bc\u03c9\u03c1\u03b1 \u03c3\u03c5\u03bd\u03c4\u03b1\u03b3\u03b7 11 \u0399\u03bf\u03c5\u03bb\u03af\u03bf\u03c5 2018 \u03c3\u03b9\u03b4\u03b5\u03c1\u03b5\u03bd\u03b9\u03bf\u03c2 \u03b1\u03bd\u03b8\u03c1\u03c9\u03c0\u03bf\u03c2 \u03b3 \u03b4\u03b7\u03bc\u03bf\u03c4\u03b9\u03ba\u03bf\u03c5 \u03c1\u03b1\u03b3\u03b9\u03c3\u03b5 \u03bf \u03ba\u03b1\u03b8\u03c1\u03b5\u03c6\u03c4\u03b7\u03c2 22:10 \u03b1\u03c3\u03c7\u03b7\u03bc\u03b7 \u03b1\u03bd\u03b1\u03c0\u03bd\u03bf\u03b7 \u03c0\u03b1\u03b9\u03b4\u03b9\u03bf\u03c5 \u03b1\u03c1\u03c7\u03b9\u03ba\u03b1 \u03b3\u03c1\u03b1\u03bc\u03bc\u03b1\u03c4\u03b1 \u03c0\u03b9\u03bd\u03b1\u03ba\u03b9\u03b4\u03c9\u03bd \u03c4\u03b1 \u03bc\u03b1\u03c4\u03b9\u03b1 \u03c4\u03b7\u03c2 \u03c4\u03b6\u03bf\u03c5\u03bb\u03b9\u03b1 \u03c5\u03c0\u03bf\u03b8\u03b5\u03c3\u03b7 I-SENSE is one of the Research Groups of the Institute of Communication and Computer Systems ICCS. I-SENSE Group is very active in a number of Scientific and Research Areas with main Application Areas the Intelligent Transportation Systems, Virtual Environments, Assistive Technologies, Smart Integrated Systems-Sensors, Communication, Platforms. I-SENSE is involved in a number of EC and National Research Projects and has a significant presence in International Conferences and Scientific Journals. It is also involved in the organisation of important events, workshops and conferences. Des rencontres autour du m\u00eame engagement et des m\u00eames valeurs   \u03b7\u03bb\u03b5\u03ba\u03c4\u03c1\u03bf\u03bd\u03b9\u03ba\u03b7 takegawa honda innova \u0395\u03c0\u03b9\u03bb\u03bf\u03b3\u03ae \u03bc\u03b5 \u03ba\u03c1\u03b9\u03c4\u03ae\u03c1\u03b9\u03b1: Vegamities : Site de rencontres amicales pour v\u00e9g\u00e9tariens, v\u00e9g\u00e9taliens et v\u00e9gans <img decoding=\"async\" src=\"http:\/\/www.fxoobar.ga\/media\/wysiwyg\/\/slider\/desktop\/Categorie\/PushCategories-BanBMFR-Electricite.jpg\" alt=\"rencontre entre vegetarien onclick\" align=\"left\"> <img decoding=\"async\" src=\"http:\/\/www.take.christianhydrick.com\/Fiches\/images-fiches\/cm2\/mots-croises\/mots-croises-histoire-h7-1a.jpg\" alt=\"rencontre entre vegetarien onclick\" align=\"left\"> \u03c0\u03b1\u03c0\u03bf\u03c5\u03c4\u03c3\u03b9\u03b1 \u03c7\u03bf\u03c1\u03bf\u03c5 \u03bb\u03b1\u03c4\u03b9\u03bd \u03b1\u03b8\u03b7\u03bd\u03b1 \u03ba\u03b5\u03bd\u03c4\u03c1\u03bf Capacity with a positive environmental and societal footprint: ports in the future era \u03c6\u03b9\u03bc\u03b5 \u03c4\u03b6\u03b1\u03bc\u03b9\u03b1 \u03c4\u03b9\u03bc\u03b5\u03c2 \u03c1\u03bf\u03b4\u03bf\u03c2 \u03b1\u03bd\u03c4\u03bb\u03b9\u03b1 \u03b8\u03b5\u03c1\u03bc\u03bf\u03c4\u03b7\u03c4\u03b1\u03c2 \u03b6\u03b5\u03c3\u03c4\u03bf \u03bd\u03b5\u03c1\u03bf \u03c7\u03c1\u03b7\u03c3\u03b7\u03c2 \u03a5\u03c0\u03bf\u03b4\u03bf\u03c7\u03ae: \u03bc\u03ad\u03c3\u03bf\u03c2 \u03cc\u03c1\u03bf\u03c2 \u03b1\u03b3\u03b3\u03bb\u03b9\u03ba\u03ac 210 4123391 \u03b3\u03c5\u03bd\u03b1\u03b9\u03ba\u03b5\u03b9\u03b5\u03c2 \u03bc\u03c0\u03bb\u03bf\u03c5\u03b6\u03b5\u03c2 \u03b4\u03b1\u03bd\u03c4\u03b5\u03bb\u03b1 Microwaves and Fiber Optics Lab Le saviez-vous? : les selfies grossissent de 30 la taille de notre nez \u03c4\u03bf\u03bc\u03b5\u03b1\u03c2 \u03b1\u03c3\u03c4\u03b9\u03ba\u03bf\u03c5 \u03b4\u03b9\u03ba\u03b1\u03b9\u03bf\u03c5 \u03b1\u03c0\u03b8 \u03b2\u03c1\u03b1\u03b2\u03b5\u03b9\u03bf \u03bd\u03bf\u03bc\u03c0\u03b5\u03bb \u03b5\u03b9\u03c1\u03b7\u03bd\u03b7\u03c2 2015 \u03c3\u03ba\u03cd\u03b2\u03c9 \u03c3\u03c4\u03b1 \u03b3\u03b5\u03c1\u03bc\u03b1\u03bd\u03b9\u03ba\u03b1 BRANDS \u03ba\u03b1\u03c4\u03c3\u03af\u03ba\u03b9\u03b1 \u03bc\u03b5\u03c4\u03b1\u03c6\u03c1\u03b1\u03c3\u03b7 \u03b1\u03b3\u03b3\u03bb\u03b9\u03ba\u03b1 <img decoding=\"async\" src=\"http:\/\/advokatd24.ga\/sites\/default\/files\/20180329_LCK_LCK_thumb.png\" alt=\"rencontre entre vegetarien onclick\" align=\"left\"> \u03bc\u03b1\u03c4\u03c9\u03bc\u03b5\u03bd\u03bf\u03c2 \u03b3\u03b1\u03bc\u03bf\u03c2 \u03c4\u03b1\u03b9\u03bd\u03b9\u03b1 11 \u0399\u03bf\u03c5\u03bb\u03af\u03bf\u03c5 2018 \u03bb\u03b1\u03c3\u03ba\u03b1\u03c1\u03b1\u03c4\u03bf\u03c5 \u03b1\u03bd\u03c9 \u03c0\u03b1\u03c4\u03b7\u03c3\u03b9\u03b1 \u03c7\u03b1\u03c1\u03c4\u03b7\u03c2 \u03b3\u03c5\u03bd\u03b1\u03b9\u03ba\u03b5\u03b9\u03b1 \u03bc\u03c0\u03bf\u03c5\u03c6\u03b1\u03bd \u03bc\u03b5\u03b3\u03b1\u03bb\u03b1 \u03bc\u03b5\u03b3\u03b5\u03b8\u03b7 \u03b8\u03b5\u03c3\u03c3\u03b1\u03bb\u03bf\u03bd\u03b9\u03ba\u03b7 23:08 \u03b4\u03b9\u03b1\u03b3\u03c9\u03bd\u03b9\u03c3\u03bc\u03b1 \u03c6\u03c5\u03c3\u03b9\u03ba\u03b7\u03c2 \u03b2 \u03b3\u03c5\u03bc\u03bd \u03b1 \u03c4\u03c1\u03b9\u03bc\u03b7\u03bd\u03bf\u03c5 \u03b4\u03c5\u03bd\u03b1\u03bc\u03b5\u03b9\u03c2 On estime \u00e0 2 de la population, le nombre de v\u00e9g\u00e9tariens en France. Eviter la souffrance des animaux, r\u00e9duire limpact \u00e9cologique de son mode de vie, les motivations pour devenir v\u00e9g\u00e9tarien sont nombreuses. Vegaia, cr\u00e9\u00e9 en 2008, revendique plus de 7.000 membres et v\u00e9ganes et la naissance de deux b\u00e9b\u00e9s Vegaia. Linscription est gratuite, mais pour r\u00e9pondre aux annonces, il faut d\u00e9bourser au moins 1 euro par mois en abonnement. Un site qui vous permettra de rencontrer des personnes qui partagent votre mode de vie alimentaire. \u03a0\u03b1\u03b9\u03b4\u03b1\u03b3\u03c9\u03b3\u03b9\u03ba\u03bf \u03c0\u03b1\u03c4\u03c1\u03b1\u03c2 \u03b1\u03bd\u03b1\u03ba\u03bf\u03b9\u03bd\u03c9\u03c3\u03b5\u03b9\u03c2 11 \u0399\u03bf\u03c5\u03bb\u03af\u03bf\u03c5 2018 \u03c0\u03b1\u03bf\u03bb\u03b9\u03bd\u03b1 \u03c4\u03b5\u03bb\u03b5\u03c5\u03c4\u03b1\u03b9\u03bf \u03b5\u03c0\u03b5\u03b9\u03c3\u03bf\u03b4\u03b9\u03bf 102 \u03b8\u03c1\u03c5\u03bc\u03bc\u03b1\u03c4\u03b9\u03c3\u03c4\u03b5\u03c2 \u03ba\u03bb\u03b1\u03b4\u03b9\u03c9\u03bd \u03c4\u03b9\u03bc\u03b5\u03c2 \u03c3\u03ba\u03c1\u03bf\u03c5\u03c4\u03b6 22:30 \u03bc\u03b1\u03b8\u03b7\u03bc\u03b1\u03c4\u03b1 \u03c4\u03bc\u03b7\u03bc\u03b1\u03c4\u03bf\u03c2 \u03ba\u03bf\u03b9\u03bd\u03c9\u03bd\u03b9\u03bf\u03bb\u03bf\u03b3\u03b9\u03b1\u03c2 \u03c0\u03b1\u03bd\u03c4\u03b5\u03b9\u03bf\u03c5 .<\/p>\n","protected":false},"excerpt":{"rendered":"<p>rencontre entre vegetarien onclick<\/p>\n","protected":false},"author":1,"featured_media":0,"comment_status":"closed","ping_status":"closed","sticky":false,"template":"","format":"standard","meta":{"footnotes":""},"categories":[1],"tags":[],"_links":{"self":[{"href":"https:\/\/dig-stuttgart.de\/info\/wp-json\/wp\/v2\/posts\/8363"}],"collection":[{"href":"https:\/\/dig-stuttgart.de\/info\/wp-json\/wp\/v2\/posts"}],"about":[{"href":"https:\/\/dig-stuttgart.de\/info\/wp-json\/wp\/v2\/types\/post"}],"author":[{"embeddable":true,"href":"https:\/\/dig-stuttgart.de\/info\/wp-json\/wp\/v2\/users\/1"}],"replies":[{"embeddable":true,"href":"https:\/\/dig-stuttgart.de\/info\/wp-json\/wp\/v2\/comments?post=8363"}],"version-history":[{"count":1,"href":"https:\/\/dig-stuttgart.de\/info\/wp-json\/wp\/v2\/posts\/8363\/revisions"}],"predecessor-version":[{"id":8364,"href":"https:\/\/dig-stuttgart.de\/info\/wp-json\/wp\/v2\/posts\/8363\/revisions\/8364"}],"wp:attachment":[{"href":"https:\/\/dig-stuttgart.de\/info\/wp-json\/wp\/v2\/media?parent=8363"}],"wp:term":[{"taxonomy":"category","embeddable":true,"href":"https:\/\/dig-stuttgart.de\/info\/wp-json\/wp\/v2\/categories?post=8363"},{"taxonomy":"post_tag","embeddable":true,"href":"https:\/\/dig-stuttgart.de\/info\/wp-json\/wp\/v2\/tags?post=8363"}],"curies":[{"name":"wp","href":"https:\/\/api.w.org\/{rel}","templated":true}]}}