{"id":8371,"date":"2020-07-08T10:34:56","date_gmt":"2020-07-08T10:34:56","guid":{"rendered":"http:\/\/dig-stuttgart.de\/info\/?p=8371"},"modified":"2020-06-29T09:05:06","modified_gmt":"2020-06-29T09:05:06","slug":"rencontre-homme-femme-auvergne","status":"publish","type":"post","link":"https:\/\/dig-stuttgart.de\/info\/2020\/07\/08\/rencontre-homme-femme-auvergne\/","title":{"rendered":"Rencontre Homme Femme Auvergne"},"content":{"rendered":"<p>Mari\u00e9e mais recherche une amie pour partager :bavardages;sorties au bal;promenades avec chien;piano;concerts;th\u00e9\u00e2tre ;parties de rire.;jeux de soci\u00e9t\u00e9.Pr\u00e9f\u00e8re la campagne. Homme TBM, voir les photosJe recherche une femme dans mes \u00e2ges et de ma r\u00e9gion, pour du sexe, qui aime aussi la sodomie mais ce nest pas obligatoire. Je suis en forme physique, de grande taille, corpulence moyenne. La Ville o\u00f9 je vis : proche ou dans ses environs r\u00e9gion Auvergne-Rh\u00f4ne-Alpes. Rencontre femme bi en France Puy-de-D\u00f4me-rdv r\u00e9el Jai 58 ans tr\u00e8s vicieux pervers et je cherche des conversations, des confidences de femmes tr\u00e8s vicieuses de toutes r\u00e9gions.. Parlez moi de vos envies de vos experiences, de vos fantasme. LeBonPied.fr Annonces Rencontre Gratuites S\u00e9rieuses Sexy Gay Libertines Coquines Salut \u00e0 toutes, Jai 43 ans et suis ch\u00e2tain clair aux yeux marrons. De 180 cm pour 73 kg et bm. Je cherche \u00e0 me vider pis et jus dans tous les orifices comme bouche, cul et.. Au plaisir. Recherche: Jaimerais bien faire la connaissance dun homme sinc\u00e8re, fid\u00e8le, respectueux, doux et c\u00e2lin. Vid\u00e9os de violences polici\u00e8res et t\u00e9moignages de contr\u00f4les abusifs se multiplient depuis le d\u00e9but du confinement. Les faits se concentrent en majorit\u00e9 dans les quartiers populaires. <img decoding=\"async\" src=\"http:\/\/www.merkevarmer.gq\/_uploads\/gen\/CHOFE0046_BLC_1_181x245.jpeg\" alt=\"rencontre homme femme auvergne\" align=\"left\"> Simple, r\u00e9serv\u00e9e, calme, pos\u00e9e, proche de la nature, j aime vivre en campagne ou je me sens ressourc\u00e9e, et o\u00f9 je recharge en \u00e9nergie. Jaspire \u00e0 rencontrer une personne avec les m\u00eames valeurs. Les mondanit\u00e9s ne sont pas trop ma tasse de th\u00e9, toutes comme les soir\u00e9es en bo\u00eetes de nuit ne sont pas les lieux o\u00f9 je me sens \u00e0 laise.    C\u00e9libataire : \u00e9motion, romantisme, douceur, vous aimerez et vous d\u00e9tiendrez lexclusivit\u00e9. Mais l\u00c9dit de janvier \u00e9choue \u00e0 cause des antagonismes trop forts qui opposent protestants et catholiques. Un compos\u00e9 des trois anciens d soppose \u00e0 la politique de tol\u00e9rance de la reine-m\u00e8re., choisit le camp des catholiques. La position de la r\u00e9gente est difficile. Elle esp\u00e8re un soutien de la part du, le chef des protestants. <img decoding=\"async\" src=\"http:\/\/www.spalar.tk\/7074-home_default\/j-peux-pas-j-ai-aquaponey.jpg\" alt=\"rencontre homme femme auvergne\" align=\"center\"> Jaime apprendre, lire, d\u00e9couvrir, je recherche une rencontre s\u00e9rieuse, je veux \u00eatre bien dans ma vie, je prends le temps de profiter de la vie, je maintiens un cercle damis \u00e9troit. Yeux :-Cheveux :-170 cm-Statut civil: S\u00e9par\u00e9 Faites tout ce que vous pouvez pour adoucir votre vie. Vous \u00eates en train de devenir de plus en plus sur de vous-m\u00eame alors prenez le temps de vous reposer et prenez conscience que vous existez! Cherchez votre bien \u00eatre! \u00c9tant actuellement c\u00e9libataire et jeune de Issoire, je cherche une femme avec qui passer des.. Lors de cette rencontre sera pr\u00e9sent\u00e9e la d\u00e9claration dintention pour l\u00e9galit\u00e9 r\u00e9elle des femmes et des hommes dans la culture et la cr\u00e9ation artistique sur le territoire Auvergne Rh\u00f4ne-Alpes <img decoding=\"async\" src=\"http:\/\/more.wfcrimewatch.com\/upload\/videos\/mini\/15aeab7969cf0d.jpg\" alt=\"rencontre homme femme auvergne\" align=\"right\"> Homme de 36 ans c\u00e9libataire au physique normal. Je recherche une femme qui aime la discr\u00e9tion je nai pas beaucoup dexp\u00e9rience sur ce genre de site mais jaime la d\u00e9couverte. Jai envie de toute essayer avec vous mesdames alors nh\u00e9sitez pas.. Encyclopedie pittoresque de la musique: contenant de la musique ancienne et.-Henri Bertini, Adolphe Ledhuy-Google Books Les \u00e9lastiques, cest qui a manqu\u00e9 aux couturi\u00e8res \u00e0 un moment. Contrairement au tissu, dont de nombreux habitants-notamment un tapissier-ont fait don. Quand on navait plus d\u00e9lastiques, on utilisait des lacets ou des collants, ont expliqu\u00e9 les couturi\u00e8res au d\u00e9put\u00e9. Le maire a quant \u00e0 lui relev\u00e9 laugmentation des prix des \u00e9lastiques depuis quelques semaines. Un budget impr\u00e9vu pour les communes, qui ont d\u00fb passer commande,. Lorsque Catherine devient r\u00e9gente de France, elle gouverne pour ses enfants trop jeunes pour r\u00e9gner par eux-m\u00eames. Face aux diff\u00e9rents partis religieux et politiques qui tentent daccaparer le pouvoir en faisant pression sur elle, Catherine essaye de rester ferme pour \u00e9viter leffondrement du pouvoir royal. L\u00e0, na\u00eet la l\u00e9gende dune reine arriviste et despotique. En tant que reine m\u00e8re, elle souhaite pr\u00e9server lh\u00e9ritage royal de ses enfants. Les catholiques lui reprochent daccorder trop de aux protestants, les protestants de ne pas leur en accorder assez. Prise entre ces deux partis antagonistes, Catherine de M\u00e9dicis a tent\u00e9 tant bien que mal de maintenir sa politique dunion nationale autour du tr\u00f4ne.<\/p>\n","protected":false},"excerpt":{"rendered":"<p>rencontre homme femme auvergne<\/p>\n","protected":false},"author":1,"featured_media":0,"comment_status":"closed","ping_status":"closed","sticky":false,"template":"","format":"standard","meta":{"footnotes":""},"categories":[1],"tags":[],"_links":{"self":[{"href":"https:\/\/dig-stuttgart.de\/info\/wp-json\/wp\/v2\/posts\/8371"}],"collection":[{"href":"https:\/\/dig-stuttgart.de\/info\/wp-json\/wp\/v2\/posts"}],"about":[{"href":"https:\/\/dig-stuttgart.de\/info\/wp-json\/wp\/v2\/types\/post"}],"author":[{"embeddable":true,"href":"https:\/\/dig-stuttgart.de\/info\/wp-json\/wp\/v2\/users\/1"}],"replies":[{"embeddable":true,"href":"https:\/\/dig-stuttgart.de\/info\/wp-json\/wp\/v2\/comments?post=8371"}],"version-history":[{"count":1,"href":"https:\/\/dig-stuttgart.de\/info\/wp-json\/wp\/v2\/posts\/8371\/revisions"}],"predecessor-version":[{"id":8372,"href":"https:\/\/dig-stuttgart.de\/info\/wp-json\/wp\/v2\/posts\/8371\/revisions\/8372"}],"wp:attachment":[{"href":"https:\/\/dig-stuttgart.de\/info\/wp-json\/wp\/v2\/media?parent=8371"}],"wp:term":[{"taxonomy":"category","embeddable":true,"href":"https:\/\/dig-stuttgart.de\/info\/wp-json\/wp\/v2\/categories?post=8371"},{"taxonomy":"post_tag","embeddable":true,"href":"https:\/\/dig-stuttgart.de\/info\/wp-json\/wp\/v2\/tags?post=8371"}],"curies":[{"name":"wp","href":"https:\/\/api.w.org\/{rel}","templated":true}]}}