{"id":8377,"date":"2020-07-08T17:32:00","date_gmt":"2020-07-08T17:32:00","guid":{"rendered":"http:\/\/dig-stuttgart.de\/info\/?p=8377"},"modified":"2020-06-29T09:07:54","modified_gmt":"2020-06-29T09:07:54","slug":"rencontres-extra-ordinaires","status":"publish","type":"post","link":"https:\/\/dig-stuttgart.de\/info\/2020\/07\/08\/rencontres-extra-ordinaires\/","title":{"rendered":"Rencontres Extra Ordinaires"},"content":{"rendered":"<p><img decoding=\"async\" src=\"http:\/\/www.ville-limay.fr\/medias\/images\/actualite\/SCENOCOSME_AFFICHE40x60_FENS_150dpiRVB_large.jpg\" alt=\"rencontres extra ordinaires\" align=\"left\"> Un peu inqui\u00e8te \u00e0 lid\u00e9e de refaire le chemin toute seule, je demande aux personnes qui sortent du mus\u00e9e si elles accepteraient daller avec moi jusqu\u00e0 larr\u00eat de bus, mais toutes me r\u00e9pondent quelles partent en voiture ou en taxi. Un agent de s\u00e9curit\u00e9 d\u00e9cide alors de maider \u00e0 trouver un guide, et quelques minutes plus tard, bingo! Deux jeunes prennent eux aussi le bus jusquau centre-ville. Ils maccompagnent jusqu\u00e0 larr\u00eat, maident \u00e0 monter et descendre des trottoirs, et portent mon fauteuil dans le premier bus venu : le chauffeur a \u00e0 peine le temps dexpliquer que son bus nest pas accessible, que je me retrouve d\u00e9j\u00e0 \u00e0 lint\u00e9rieur! <img decoding=\"async\" src=\"http:\/\/pic.billetreduc.com\/n180\/vz-95a2dec8-118b-4faa-9d1e-e545f43296bd.jpeg\" alt=\"rencontres extra ordinaires\" align=\"right\"> Une foule dactivit\u00e9s pour mieux combattre le cancer dans la r\u00e9gion. <img decoding=\"async\" src=\"http:\/\/img.over-blog-kiwi.com\/0\/94\/63\/06\/20140716\/ob_0b58c2_nessie-fileminimizer.jpg\" alt=\"rencontres extra ordinaires\" align=\"right\"> La chimie en cuisine avec Thierry Marx et Rapha\u00ebl Haumont La r\u00e9ponse me sera apport\u00e9e quelques semaines apr\u00e8s la sortie du livre en 1986. Je re\u00e7us une lettre manuscrite de 3 pages, sign\u00e9e dun des plus grands physiciens fran\u00e7ais : le professeur Yves Rocard le p\u00e8re de lancien premier ministre Michel Rocard! Il venait de tomber, par hasard, sur notre livre et avait d\u00e9couvert mon r\u00e9cit des douleurs ressenties apr\u00e8s la s\u00e9ance de magn\u00e9tisme chez Jacques Montagner : pour lui, cela confirmait sa th\u00e9orie que l\u00eatre humain poss\u00e8de des cristaux de magn\u00e9tite cest-\u00e0-dire de la pierre daimant naturel dans les arcades sourcili\u00e8res!Ce fait fut ensuite v\u00e9rifi\u00e9, lann\u00e9e suivante, par le biologiste anglais Robin Baker, de luniversit\u00e9 de Manchester, qui trouva de la magn\u00e9tite dans des cr\u00e2nes de personnes d\u00e9c\u00e9d\u00e9es! Au total, le professeur Yves Rocard a trouv\u00e9 8 endroits diff\u00e9rents, dans le corps humain, contenant de la magn\u00e9tite.  Avec les clubs sportifs et les f\u00e9d\u00e9rations nationales dont elle est partenaire, la MAIF veut rendre le sport accessible \u00e0 tous, notamment \u00e0 celles et ceux qui vivent avec un handicap. Pour une fois, laissez vos doigts vous guider dans une aventure sensorielle inoubliable 11 2020: jeudi 10 d\u00e9cembre \u00e0 18h30 Ouverture de la billetterie d\u00e9but novembre Je serais honor\u00e9 si des musiciens ont \u00e9t\u00e9 inspir\u00e9s par ma musique. Dun autre c\u00f4t\u00e9, mon jeu en tant que batteur ma presque tu\u00e9! Jai subi des op\u00e9rations chirurgicales des cervicales \u00e0 deux reprises et jai un disque artificiel dans mon cou. Jesp\u00e8re quaucun musicien ne suivra mes pas sur ce chemin-l\u00e0! JM : Pourquoi lInstitut de cardiologie a-t-il \u00e9t\u00e9 ouvert bien plus tard? La personne que tu admires pour son audace et son courage Cest ici un joli petit conte sur le voyage et la d\u00e9couverte par soi-m\u00eame.  Texte \u00e9crit en Facile \u00e0 Lire et Facile \u00e0 Comprendre quand je rentre dans une \u00e9glise, je ressens toujours quelque chose de sp\u00e9cial.  Ces cookies permettent d\u00e9tablir des statistiques de fr\u00e9quentation de notre site. Les d\u00e9sactiver nous emp\u00eache de suivre et dam\u00e9liorer la qualit\u00e9 de nos services. Nous nous engageons \u00e0 ne pas divulguer, donner ou vendre vos donn\u00e9es personnelles. Conform\u00e9ment \u00e0 loi L\u00e9mission Le monde en face sur France 5 propose un documentaire r\u00e9alis\u00e9 par Sarah Lebas, Damien Vercaemer et Damien Pasinetti. On y rencontre une jeune femme trisomique et trois personnes autistes : deux adolescents et une adulte, m\u00e8re dun enfant autiste. Mandataire du C.A chez MAIF Charg\u00e9 Des Relations Institutionnelles Des Partenariats sur Versailles Membre CRESS IDF Le P\u00e8re Brune a \u00e9crit de nombreux livres passionnants. Son premier ouvrage Les morts nous parlent \u00e9ditions Philippe Lebaud a \u00e9t\u00e9 imm\u00e9diatement un best-seller d\u00e8s sa sortie en 1993 et a \u00e9t\u00e9 traduit dans plusieurs langues. Dans ce livre, il fait le point sur les principales d\u00e9couvertes scientifiques en mati\u00e8re de transcommunication instrumentale : voix des morts sur bande magn\u00e9tique, images vid\u00e9o de lau-del\u00e0 et images du pass\u00e9 film\u00e9es gr\u00e2ce au chronoviseur. Ce livre bouleverse les conceptions modernes, religieuses ou non, sur la mort. Gagnez du temps en achetant votre abonnement en ligne Les rencontres extraordinaires dAnouar Benmalek avec ses lecteurs En 1970, tout frais sorti dipl\u00f4m\u00e9 de l\u00c9cole Sup\u00e9rieure de Commerce de Paris, jai eu la chance et lhonneur d\u00eatre recrut\u00e9 par la c\u00e9l\u00e8bre agence de publicit\u00e9 Publicis, fond\u00e9e par Marcel Bleustein-Blanchet et situ\u00e9e tout en haut des Champs \u00c9lys\u00e9es, au-dessus du Drugstore. Cest dans cette agence que je rencontre Marie-Jos\u00e9 G\u00e9lamur et Claude Moreau, deux amis passionn\u00e9s de spectacle. Il vous est possible dajouter diff\u00e9rentes extensions pour compl\u00e9ter ce magnifique voyage. Nous vous pr\u00e9sentons ici quelques suggestions. Notre service sur mesure est \u00e0 votre disposition pour compl\u00e9ter votre circuit par lextension de vos d\u00e9sirs, de vos r\u00eaves. 6 2020 : jeudi 3 d\u00e9cembre \u00e0 18h30 Ouverture de la billetterie d\u00e9but novembre 2020.<\/p>\n","protected":false},"excerpt":{"rendered":"<p>rencontres extra ordinaires<\/p>\n","protected":false},"author":1,"featured_media":0,"comment_status":"closed","ping_status":"closed","sticky":false,"template":"","format":"standard","meta":{"footnotes":""},"categories":[1],"tags":[],"_links":{"self":[{"href":"https:\/\/dig-stuttgart.de\/info\/wp-json\/wp\/v2\/posts\/8377"}],"collection":[{"href":"https:\/\/dig-stuttgart.de\/info\/wp-json\/wp\/v2\/posts"}],"about":[{"href":"https:\/\/dig-stuttgart.de\/info\/wp-json\/wp\/v2\/types\/post"}],"author":[{"embeddable":true,"href":"https:\/\/dig-stuttgart.de\/info\/wp-json\/wp\/v2\/users\/1"}],"replies":[{"embeddable":true,"href":"https:\/\/dig-stuttgart.de\/info\/wp-json\/wp\/v2\/comments?post=8377"}],"version-history":[{"count":1,"href":"https:\/\/dig-stuttgart.de\/info\/wp-json\/wp\/v2\/posts\/8377\/revisions"}],"predecessor-version":[{"id":8378,"href":"https:\/\/dig-stuttgart.de\/info\/wp-json\/wp\/v2\/posts\/8377\/revisions\/8378"}],"wp:attachment":[{"href":"https:\/\/dig-stuttgart.de\/info\/wp-json\/wp\/v2\/media?parent=8377"}],"wp:term":[{"taxonomy":"category","embeddable":true,"href":"https:\/\/dig-stuttgart.de\/info\/wp-json\/wp\/v2\/categories?post=8377"},{"taxonomy":"post_tag","embeddable":true,"href":"https:\/\/dig-stuttgart.de\/info\/wp-json\/wp\/v2\/tags?post=8377"}],"curies":[{"name":"wp","href":"https:\/\/api.w.org\/{rel}","templated":true}]}}