{"id":8389,"date":"2020-07-08T05:10:03","date_gmt":"2020-07-08T05:10:03","guid":{"rendered":"http:\/\/dig-stuttgart.de\/info\/?p=8389"},"modified":"2020-06-29T09:15:05","modified_gmt":"2020-06-29T09:15:05","slug":"rencontres-andorre","status":"publish","type":"post","link":"https:\/\/dig-stuttgart.de\/info\/2020\/07\/08\/rencontres-andorre\/","title":{"rendered":"Rencontres Andorre"},"content":{"rendered":"<p><img decoding=\"async\" src=\"http:\/\/www.axl.cefan.ulaval.ca\/europe\/images\/andorre-commerces2.jpg\" alt=\"rencontres andorre\" align=\"right\"> Equipe de France : Pogba forfait pour lAlbanie et Andorre, Guendouzi appel\u00e9 pour la premi\u00e8re fois BEN STANSALL AFP <img decoding=\"async\" src=\"http:\/\/www.lesyeuxverts.com\/actu\/public\/rochechouart\/4.jpg\" alt=\"rencontres andorre\" align=\"center\"> Ce site cr\u00e9\u00e9 en 2001 est anim\u00e9 b\u00e9n\u00e9volement par des m\u00e9decins du travail et des pr\u00e9venteurs en sant\u00e9 au travail regroup\u00e9s en une association ind\u00e9pendante. Son objectif principal est de mettre en commun des fiches de m\u00e9tiers et des fiches de risques professionnels. Toutes les personnes qui se sentent concern\u00e9es par la sant\u00e9 et la s\u00e9curit\u00e9 au travail peuvent participer \u00e0 la vie du site par leurs remarques et suggestions. 13Nappartenant ni \u00e0 lUnion europ\u00e9enne ni \u00e0 lEspace \u00c9conomique Europ\u00e9en, la Principaut\u00e9 dAndorre est r\u00e9gie par un cadre sp\u00e9cifique. Elle est devenue un \u00c9tat de droit international apr\u00e8s ladoption de la Constitution andorrane en 1993. Les coprinces, institution issue des Par\u00e9ages, sont l\u00e9v\u00eaque dUrgell et le Pr\u00e9sident de la R\u00e9publique fran\u00e7aise. Quelques mois apr\u00e8s ladoption de la Constitution, en juillet 1993, lAndorre est admise aux Nations-Unies. En novembre 1994, lAndorre int\u00e8gre le Conseil de lEurope. Un accord, sign\u00e9 en 1990 et renouvel\u00e9 en 1996, associe la Principaut\u00e9 \u00e0 lUnion europ\u00e9enne avec des particularit\u00e9s avantageuses : une union douani\u00e8re \u00e9tablit lexistence dun r\u00e9gime d\u00e9changes selon le classement tarifaire des produits industriels. Les autres produits, en particulier agricoles, sont exclus de cette union douani\u00e8re. Cet accord permet la libre circulation. En 2004, des nouveaux textes ont \u00e9t\u00e9 sign\u00e9s avec lUnion europ\u00e9enne, un accord sur la fiscalit\u00e9 de l\u00e9pargne ainsi quun accord de coop\u00e9ration. Loi fondamentale a fait du r\u00e9gime une co-principaut\u00e9 parlementaire, dans Agence pour le D\u00e9veloppement \u00c9conomique et Culturel Nord-Sud <img decoding=\"async\" src=\"http:\/\/img.over-blog-kiwi.com\/0\/90\/06\/50\/20170701\/ob_6eb820_2004-mauritanie-amatlich-p13.jpg\" alt=\"rencontres andorre\" align=\"left\"> Le capitaine de l\u00e9quipe dAndorre meilleur buteur de lhistoire de la nation et ancien d\u00e9fenseur \u00e0 lAC Bellinzone entre 2009 et 2011 na pas manqu\u00e9 de relever la qualit\u00e9 du contingent suisse: Ils sont jeunes, talentueux et tr\u00e8s offensifs. Cest un groupe vraiment exp\u00e9riment\u00e9 qui ne repose pas sur un seul joueur en particulier, avoue Ildefons Lima en faisant notamment r\u00e9f\u00e9rence \u00e0 Cristiano Ronaldo, substrat majeur du large succ\u00e8s du Portugal sur Andorre, vendredi soir 6-0. Mais le jeu andorran se voudra inscrit sous une pers\u00e9v\u00e9rance insigne, car peu importe le r\u00e9sultat lundi soir, cest lhonneur des armes qui primera, quand bien m\u00eame deux dentre elles Jordi Rubio 33 s\u00e9lections nationales et Marc Reb\u00e9s 7 devront rester au repos forc\u00e9 suite \u00e0 leur expulsion au stade municipal dAveiro. Nous allons essayer de faire de notre mieux et gagner, m\u00eame sans ces deux joueurs, motive Koldo Alvarez en conf\u00e9rence de presse dimanche apr\u00e8s-midi. Et pour honorer son pari, lentra\u00eeneur de la Principaut\u00e9 a passablement \u00e9tudi\u00e9 ses adversaires. Pour lui, du reste, le plus dur se logera au milieu de terrain. Les Suisses ne laissent que bien peu despace pour pouvoir construire notre jeu. Et cest bien l\u00e0 le lieu o\u00f9 se juxtapose toute une vari\u00e9t\u00e9 doptions pour Vladimir Petkovic qui rendra cr\u00e9dit \u00e0 sa nouvelle libert\u00e9 de choix; consid\u00e9rant m\u00eame labsence de Valon Behrami qui a substitu\u00e9 Granit Xhaka au rang des suspendus. Faire bonne impression \u00e0 La Vella 10En parall\u00e8le \u00e0 la croissance commerciale et migratoire du pays, une croissance des flux touristiques est enregistr\u00e9e, attir\u00e9e par lampleur de loffre commerciale, de loisirs et touristique, surtout en lien avec le d\u00e9veloppement des sports dhiver. Pendant les Trente Glorieuses en France et avec limplantation de l\u00c9tat-providence, le tourisme fran\u00e7ais en Andorre sest d\u00e9velopp\u00e9 fortement. En 1947, 1591 personnes avaient travers\u00e9 la fronti\u00e8re franco-andorrane, deux ans plus tard ils \u00e9taient d\u00e9j\u00e0 26 000, et en 1950 le chiffre atteint 121 750 touristes fran\u00e7ais. Cette entr\u00e9e de personnes \u00e9tait n\u00e9anmoins encore assujettie \u00e0 des restrictions fran\u00e7aises : entre 1945 et 1953, lacc\u00e8s \u00e0 la Principaut\u00e9 exigeait la possession dun visa. Labolition du visa en 1954 acc\u00e9l\u00e9ra lessor du tourisme de masse. Directement \u00e0 la billetterie du club du lundi au vendredi de 10h \u00e0 12h et de 14h \u00e0 19h Recherche relation s\u00e9rieuse je suis simple et jaime pas les prises de t\u00eate \ufe0f pourquoi ce lieu d Eglise et pas un b\u00e2timent administratif, une  V\u00e9rifiez votre bo\u00eete de r\u00e9ception ou vos ind\u00e9sirables afin de confirmer votre abonnement. Je cherche une personne qui a envie de partager une vie a deux! Rencontre Andorre-Site de rencontre gratuit Andorre  Pour sceller cette amiti\u00e9, n\u00e9e sur les pentes du Valais Suisse, nous avons voulu vivre une nouvelle folie ensemble. Voir un match de football en direct? Gratuitement regarder tous les scores de foot en direct live des matchs de foot dans le monde entier. Jaime pas le mensonge la trahison et linfid\u00e9lit\u00e9 Nouveau sur notre communaut\u00e9? ou pour obtenir lacc\u00e8s complet \u00e0 notre site. En vous connectant, vous pourrez trouver des r\u00e9ponses et poser vos questions, g\u00e9rer les discussions que vous suivez, partager avec nos membres et leur envoyer des messages priv\u00e9s, gagner des points et des privil\u00e8ges. Passez au niveau sup\u00e9rieur, cest gratuit! D\u00e9cid\u00e9ment Samuel Umtiti nest pas verni depuis quelques mois. Rempla\u00e7ant \u00e0 Barcelone malgr\u00e9 son statut de champion du monde, le d\u00e9fenseur a \u00e9galement perdu sa place de titulaire chez les Bleus. Andorre, Saint-Marin, le Liechtenstein, Gibraltar, les \u00celes F\u00e9ro\u00e9 : les histoires des petits du foot en Europe Editeur : National Committee of Geography of Belgium, Soci\u00e9t\u00e9 Royale Belge de G\u00e9ographie Support : Papier et \u00e9lectronique E ISSN : 2294-9135 ISSN imprim\u00e9 : 1377-2368  Amateur francais com ladyxena mulhouse art de sucer rencontre homo ecangisme senior istres loir.<\/p>\n","protected":false},"excerpt":{"rendered":"<p>rencontres andorre<\/p>\n","protected":false},"author":1,"featured_media":0,"comment_status":"closed","ping_status":"closed","sticky":false,"template":"","format":"standard","meta":{"footnotes":""},"categories":[1],"tags":[],"_links":{"self":[{"href":"https:\/\/dig-stuttgart.de\/info\/wp-json\/wp\/v2\/posts\/8389"}],"collection":[{"href":"https:\/\/dig-stuttgart.de\/info\/wp-json\/wp\/v2\/posts"}],"about":[{"href":"https:\/\/dig-stuttgart.de\/info\/wp-json\/wp\/v2\/types\/post"}],"author":[{"embeddable":true,"href":"https:\/\/dig-stuttgart.de\/info\/wp-json\/wp\/v2\/users\/1"}],"replies":[{"embeddable":true,"href":"https:\/\/dig-stuttgart.de\/info\/wp-json\/wp\/v2\/comments?post=8389"}],"version-history":[{"count":1,"href":"https:\/\/dig-stuttgart.de\/info\/wp-json\/wp\/v2\/posts\/8389\/revisions"}],"predecessor-version":[{"id":8390,"href":"https:\/\/dig-stuttgart.de\/info\/wp-json\/wp\/v2\/posts\/8389\/revisions\/8390"}],"wp:attachment":[{"href":"https:\/\/dig-stuttgart.de\/info\/wp-json\/wp\/v2\/media?parent=8389"}],"wp:term":[{"taxonomy":"category","embeddable":true,"href":"https:\/\/dig-stuttgart.de\/info\/wp-json\/wp\/v2\/categories?post=8389"},{"taxonomy":"post_tag","embeddable":true,"href":"https:\/\/dig-stuttgart.de\/info\/wp-json\/wp\/v2\/tags?post=8389"}],"curies":[{"name":"wp","href":"https:\/\/api.w.org\/{rel}","templated":true}]}}