{"id":8407,"date":"2020-07-08T09:39:26","date_gmt":"2020-07-08T09:39:26","guid":{"rendered":"http:\/\/dig-stuttgart.de\/info\/?p=8407"},"modified":"2020-06-29T10:06:58","modified_gmt":"2020-06-29T10:06:58","slug":"rencontre-des-arts-saint-jean-sur-richelieu","status":"publish","type":"post","link":"https:\/\/dig-stuttgart.de\/info\/2020\/07\/08\/rencontre-des-arts-saint-jean-sur-richelieu\/","title":{"rendered":"Rencontre Des Arts Saint Jean Sur Richelieu"},"content":{"rendered":"<p>La p\u00e1gina que buscas no existe o ha ocurrido un error inesperado. 2000 Rencontre X au Mus\u00e9e r\u00e9gional du Haut-Richelieu, QC 1991 Fabrication de moules et confection de fibre de verre avec Michel Dionne Exposition La Noblesse du bois Soci\u00e9t\u00e9 dart et dhistoire de Beauport Biblioth\u00e8que \u00c9tienne-Parent de Beauport sculpteur professionnel septembre et octobre Exposition solo NATURE, au Hall du complexe Saint-Laurent de la ville de La Prairie : Cr\u00e9ation de la municipalit\u00e9 du village de Saint-Jean. Artiste pour qui le corps humain et le monde aviaire sont au c\u0153ur de l\u0153uvre, Johanne Dubeau d\u00e9ploie aujourdhui ses ailes pour se faire conna\u00eetre. La sculpteure sera de la 18 e \u00e9dition de la Rencontre des Arts, o\u00f9 plus de 75 artistes, peintres et sculpteurs afficheront leur talent. _ Beaulne museum presents two artists, Stanstead Journal, 11 mars 2015. Acc\u00e8s B\u00e9n\u00e9volat-Centre daction b\u00e9n\u00e9vole Est de Montr\u00e9al Association de la Fibromyalgie, r\u00e9gion de la Mont\u00e9r\u00e9gie  La derni\u00e8re modification de cette page a \u00e9t\u00e9 faite le 19 mai 2020 \u00e0 14:55. <img decoding=\"async\" src=\"http:\/\/img.over-blog-kiwi.com\/0\/95\/72\/11\/20150809\/ob_bcbc51_moriez-discours-17.jpg\" alt=\"rencontre des arts saint jean sur richelieu\" align=\"left\"> 2000 \u00e0 ce jour Membre artiste professionnel du RAAV Regroupement des Artistes en Arts Visuels du Qu\u00e9bec, engagement communautaire et artistique  <img decoding=\"async\" src=\"http:\/\/www.celibatairesduweb.com\/img\/GrandFormat\/trois-rivieres-rencontre-183450_v=1_1_2.jpg\" alt=\"rencontre des arts saint jean sur richelieu\" align=\"left\"> Galerie Anto Rodier, Saint-Jean-sur-Richelieu, Qu\u00e9bec, Canada. Curriculum Vitae Mireille Molleur, artiste peintre <img decoding=\"async\" src=\"http:\/\/culturebox.francetvinfo.fr\/sites\/default\/files\/assets\/images\/2014\/06\/jp2.png\" alt=\"rencontre des arts saint jean sur richelieu\" align=\"left\">  2014 Journal LExpress de Drummondville, 6 d\u00e9cembre 1428, rue Montarville, bureau 203 Saint-Bruno Qc 2009 Rendez-vous des peintres, Sainte-Flore, Mauricie.<\/p>\n","protected":false},"excerpt":{"rendered":"<p>rencontre des arts saint jean sur richelieu<\/p>\n","protected":false},"author":1,"featured_media":0,"comment_status":"closed","ping_status":"closed","sticky":false,"template":"","format":"standard","meta":{"footnotes":""},"categories":[1],"tags":[],"_links":{"self":[{"href":"https:\/\/dig-stuttgart.de\/info\/wp-json\/wp\/v2\/posts\/8407"}],"collection":[{"href":"https:\/\/dig-stuttgart.de\/info\/wp-json\/wp\/v2\/posts"}],"about":[{"href":"https:\/\/dig-stuttgart.de\/info\/wp-json\/wp\/v2\/types\/post"}],"author":[{"embeddable":true,"href":"https:\/\/dig-stuttgart.de\/info\/wp-json\/wp\/v2\/users\/1"}],"replies":[{"embeddable":true,"href":"https:\/\/dig-stuttgart.de\/info\/wp-json\/wp\/v2\/comments?post=8407"}],"version-history":[{"count":1,"href":"https:\/\/dig-stuttgart.de\/info\/wp-json\/wp\/v2\/posts\/8407\/revisions"}],"predecessor-version":[{"id":8408,"href":"https:\/\/dig-stuttgart.de\/info\/wp-json\/wp\/v2\/posts\/8407\/revisions\/8408"}],"wp:attachment":[{"href":"https:\/\/dig-stuttgart.de\/info\/wp-json\/wp\/v2\/media?parent=8407"}],"wp:term":[{"taxonomy":"category","embeddable":true,"href":"https:\/\/dig-stuttgart.de\/info\/wp-json\/wp\/v2\/categories?post=8407"},{"taxonomy":"post_tag","embeddable":true,"href":"https:\/\/dig-stuttgart.de\/info\/wp-json\/wp\/v2\/tags?post=8407"}],"curies":[{"name":"wp","href":"https:\/\/api.w.org\/{rel}","templated":true}]}}