{"id":8409,"date":"2020-07-08T17:38:57","date_gmt":"2020-07-08T17:38:57","guid":{"rendered":"http:\/\/dig-stuttgart.de\/info\/?p=8409"},"modified":"2020-06-29T10:07:01","modified_gmt":"2020-06-29T10:07:01","slug":"rue-des-prostituees-clermont-ferrand","status":"publish","type":"post","link":"https:\/\/dig-stuttgart.de\/info\/2020\/07\/08\/rue-des-prostituees-clermont-ferrand\/","title":{"rendered":"Rue Des Prostituees Clermont Ferrand"},"content":{"rendered":"<p>\u0391\u03b9\u03c4\u03b7\u03c3\u03b7 \u03b3\u03b9\u03b1 \u03b5\u03c0\u03b9\u03b4\u03bf\u03bc\u03b1 \u03c4\u03b5\u03ba\u03bd\u03bf\u03c5 \u03ba\u03b1\u03b9 \u03bc\u03bf\u03bd\u03bf\u03b3\u03bf\u03bd\u03b5\u03b9\u03ba\u03b7\u03c2 \u03bf\u03b9\u03ba\u03bf\u03b3\u03b5\u03bd\u03b5\u03b9\u03b1\u03c2 \u03c0\u03b1\u03bd\u03b5\u03c0\u03b9\u03c3\u03c4\u03b7\u03bc\u03b9\u03b1 \u03b5\u03bb\u03bb\u03b1\u03b4\u03bf\u03c2 \u03b2\u03b9\u03ba\u03b9\u03c0\u03b1\u03b9\u03b4\u03b5\u03b9\u03b1 \u03bd\u03c4\u03c5\u03c3\u03b9\u03bc\u03bf \u03b3\u03b9\u03b1 \u03b2\u03b1\u03c0\u03c4\u03b9\u03c3\u03b7 \u03c6\u03b8\u03b9\u03bd\u03bf\u03c0\u03c9\u03c1\u03bf 2015 Cest ici que nous terminons cette 3e \u00e9tape. Fin de la troisi\u00e8me \u00e9tape Ce que jaime \u00e0 Limoges : Une ambiance un peu rurale bizarre pour une agglom\u00e9ration de cette taille sympa les premiers jours. Votre avis a \u00e9t\u00e9 envoy\u00e9 \u00e0 notre \u00e9quipe qui le validera dans les prochains jours. Briare le canal historique et pittoresque de Pierre Pinsseau. Coquins63, un couple dont f bi. De 27 et 30 ans,,, Les deux nouvelles arrivantes se seraient alors montr\u00e9es mena\u00e7antes, expliquant au client quil aurait \u00e9t\u00e9 film\u00e9 et quil a pris rendez-vous avec une mineure. Lhomme souhaite r\u00e9cup\u00e9rer son argent mais nobtient pas gain de cause.  Il est inscrit depuis 2000 au patrimoine mondial de LUNESCO Organisation La place Delille est situ\u00e9e au coin nord-est du plateau central de Clermont-Ferrand, au pied du quartier du Port. \u00c0 cet endroit arrivait la route venant de Paris par. Associez-vous cet endroit ou cette activit\u00e9 aux divertissements? Oui Non Je ne sais pas Marches-securises : d\u00e9mat\u00e9rialisation des march\u00e9s publics et d\u00e9mat\u00e9rialisation des proc\u00e9dures dappel doffres Ce que je naime pas \u00e0 Limoges : Un taux de d\u00e9linquance assez \u00e9lev\u00e9 et des infrastructures dignes dun pays en voie de d\u00e9veloppement. Un manque dentretien flagrant de la plupart des quartiers. Cest tr\u00e8s sale. Je my suis fait agress\u00e9 d\u00e9j\u00e0 3 fois en soir\u00e9e et jai \u00e9t\u00e9 cambriol\u00e9 une fois. Je commence \u00e0 en avoir marre. Pourtant jai habit\u00e9 \u00e0 Mulhouse cest vrai que Mulhouse a beaucoup chang\u00e9 depuis qui \u00e9tait \u00e0 une \u00e9poque assez dangereuse mais je ne my suis jamais fait agress\u00e9. Idem quand jhabitais \u00e0 Reims et Strasbourg. En comparaison Mulhouse et Strasbourg donnent limpression davoir un si\u00e8cle davance, mais cest clair que cest difficile de comparer lAlsace et le Limousin.. \u00c7a ne boxe pas dans la m\u00eame cat\u00e9gorie. J\u00e9tais le premier \u00e0 cracher oui oui sur Limoges, maintenant jessaie dorienter mes choix scolaires pour rester ici! Elle estime les d\u00e9g\u00e2ts \u00e0 plus de 50 000 euros, et se sent terriblement seule dans cette \u00e9preuve. Un cas malheureusement \u03a3\u03b1\u03ba\u03af\u03b4\u03b9\u03bf \u03c0\u03bb\u03ac\u03c4\u03b7\u03c2 10 \u03bb\u03af\u03c4\u03c1\u03c9\u03bd \u03bc\u03b5 \u03b5\u03c3\u03c9\u03c4\u03b5\u03c1\u03b9\u03ba\u03ae \u03b8\u03ae\u03ba\u03b7 \u03b3\u03b9\u03b1 \u03b1\u03c3\u03ba\u03cc \u03bd\u03b5\u03c1\u03bf\u03cd, \u03b9\u03b4\u03b1\u03bd\u03b9\u03ba\u03cc \u03b3\u03b9\u03b1 \u03c4\u03c1\u03ad\u03be\u03b9\u03bc\u03bf, \u03c0\u03bf\u03b4\u03b7\u03bb\u03b1\u03c3\u03af\u03b1, \u03c0\u03b5\u03c1\u03c0\u03ac\u03c4\u03b7\u03bc\u03b1, \u03b5\u03ba\u03b4\u03c1\u03bf\u03bc\u03ad\u03c2. Dans son enclot, dormaient sous les intemp\u00e9ries, quelques respectables  <img decoding=\"async\" src=\"http:\/\/www.rogercomps.gq\/media\/catalog\/product\/cache\/5\/small_image\/400x\/9df78eab33525d08d6e5fb8d27136e95\/s\/c\/sch_nbuch_garderobe_club_eiche.jpg\" alt=\"rue des prostituees clermont ferrand\" align=\"right\"> \u03b1\u03b8\u03bb\u03b7\u03c4\u03b9\u03c3\u03bc\u03bf\u03c2 \u03ba\u03b1\u03b9 \u03c5\u03b3\u03b5\u03b9\u03b1 \u03b2\u03b9\u03ba\u03b9\u03c0\u03b1\u03b9\u03b4\u03b5\u03b9\u03b1 \u03ba\u03bf\u03bb\u03b1\u03c1\u03b1 \u03c3\u03ba\u03c5\u03bb\u03c9\u03bd \u03c4\u03b9\u03bc\u03b5\u03c2 \u03a4\u03b5\u03bb\u03b5\u03c5\u03c4\u03b1\u03af\u03b5\u03c2 \u0395\u03b9\u03b4\u03ae\u03c3\u03b5\u03b9\u03c2  <img decoding=\"async\" src=\"http:\/\/www.kerryspub.fr\/upload\/modules\/media_manager\/Accueil\/lekerrys22.jpg\" alt=\"rue des prostituees clermont ferrand\" align=\"center\"> Install\u00e9 depuis peu : Jhabite \u00e0 limoges depuis le 1er avril 2010. Je viens du sud, du d\u00e9partement du Var, pr\u00e9cis\u00e9ment. Avant de venir minstaller ici, javais lu les commentaires publi\u00e9s sur ce site ou dautres. Franchement, Limoges est une ville tr\u00e8s agr\u00e9able \u00e0 vivre. <img decoding=\"async\" src=\"http:\/\/p.calameoassets.com\/180307154910-2ea8232c98bb7098efbcbfeadad636dc\/p1.jpg\" alt=\"rue des prostituees clermont ferrand\" align=\"center\"> Avec lannuaire gratuit du 118000.fr retrouvez tous les bordel de Clermont-Ferrand. Trouvez ladresse et le num\u00e9ro de t\u00e9l\u00e9phone de la personne que vous recherchez \u00e0 Clermont-Ferrand cherche rencontre s\u00e9rieuse femme c\u00e9libataire de 62 ans cherche homme pour rencontre s\u00e9rieuse En ce temps-l\u00e0, les conducteurs, encore peu press\u00e9s.<\/p>\n","protected":false},"excerpt":{"rendered":"<p>rue des prostituees clermont ferrand<\/p>\n","protected":false},"author":1,"featured_media":0,"comment_status":"closed","ping_status":"closed","sticky":false,"template":"","format":"standard","meta":{"footnotes":""},"categories":[1],"tags":[],"_links":{"self":[{"href":"https:\/\/dig-stuttgart.de\/info\/wp-json\/wp\/v2\/posts\/8409"}],"collection":[{"href":"https:\/\/dig-stuttgart.de\/info\/wp-json\/wp\/v2\/posts"}],"about":[{"href":"https:\/\/dig-stuttgart.de\/info\/wp-json\/wp\/v2\/types\/post"}],"author":[{"embeddable":true,"href":"https:\/\/dig-stuttgart.de\/info\/wp-json\/wp\/v2\/users\/1"}],"replies":[{"embeddable":true,"href":"https:\/\/dig-stuttgart.de\/info\/wp-json\/wp\/v2\/comments?post=8409"}],"version-history":[{"count":1,"href":"https:\/\/dig-stuttgart.de\/info\/wp-json\/wp\/v2\/posts\/8409\/revisions"}],"predecessor-version":[{"id":8410,"href":"https:\/\/dig-stuttgart.de\/info\/wp-json\/wp\/v2\/posts\/8409\/revisions\/8410"}],"wp:attachment":[{"href":"https:\/\/dig-stuttgart.de\/info\/wp-json\/wp\/v2\/media?parent=8409"}],"wp:term":[{"taxonomy":"category","embeddable":true,"href":"https:\/\/dig-stuttgart.de\/info\/wp-json\/wp\/v2\/categories?post=8409"},{"taxonomy":"post_tag","embeddable":true,"href":"https:\/\/dig-stuttgart.de\/info\/wp-json\/wp\/v2\/tags?post=8409"}],"curies":[{"name":"wp","href":"https:\/\/api.w.org\/{rel}","templated":true}]}}